{"id":1474,"date":"2011-04-14T13:47:10","date_gmt":"2011-04-14T12:47:10","guid":{"rendered":"http:\/\/luocine.fr\/?p=1474"},"modified":"2014-11-09T17:40:08","modified_gmt":"2014-11-09T16:40:08","slug":"lautre-fille-annie-ernaux","status":"publish","type":"post","link":"https:\/\/luocine.fr\/?p=1474","title":{"rendered":"L&rsquo;autre fille &#8211; Annie ERNAUX"},"content":{"rendered":"<div>\n<h2><img loading=\"lazy\" decoding=\"async\" class=\"aligncenter\" src=\"http:\/\/ecx.images-amazon.com\/images\/I\/41iB6yZtBxL._SL500_AA300_.jpg\" alt=\"http:\/\/ecx.images-amazon.com\/images\/I\/41iB6yZtBxL._SL500_AA300_.jpg \" width=\"206\" height=\"206\" \/><\/h2>\n<\/div>\n<div>\n<div>\n<p><a href=\"http:\/\/luocine.fr\/wp-content\/uploads\/2014\/10\/5.jpg\"><img loading=\"lazy\" decoding=\"async\" class=\"size-full wp-image-726 alignleft\" src=\"http:\/\/luocine.fr\/wp-content\/uploads\/2014\/10\/5.jpg\" alt=\"5\" width=\"200\" height=\"58\" \/><\/a><br \/>\nJ\u2019ai lu et je lirai tous les livres de cette auteure, depuis \u00ab&#160;la Place&#160;\u00bb. Ils sont tous dans ma biblioth\u00e8que, je les relis et surtout j\u2019y pense souvent. Je n\u2019ai jamais trouv\u00e9 quelqu\u2019un qui sache aussi bien expliquer le changement de condition sociale qui accompagne la r\u00e9ussite scolaire. Le jour o\u00f9 la petite fille n\u2019a plus lu les revues style \u00ab&#160;nous deux&#160;\u00bb que lisaient les femmes appartenant au m\u00eame milieu que sa m\u00e8re, le foss\u00e9 n\u2019a cess\u00e9 de se creuser.<\/p>\n<p>Elle revient dans ce tr\u00e8s court texte sur cette s\u0153ur morte avant sa naissance et dont ses parents ne lui ont jamais parl\u00e9. Comme toujours avec Annie Ernaux, il n\u2019y a pas un mot de trop , cela souligne la justesse de ses sentiments. Je crois que je n\u2019ai jamais aussi bien compris l\u2019int\u00e9r\u00eat de son style qui m\u2019avait tant s\u00e9duit quand j\u2019ai d\u00e9couvert cette auteure. Si elle est br\u00e8ve et parfois m\u00eame un peu s\u00e8che, c\u2019est qu\u2019elle est vient de ce milieu l\u00e0, de gens qui n\u2019avaient pas le don de la parole.<\/p>\n<p>Il me semble qu\u2019elle ne peut ni ne veut les trahir.\u00a0Elle \u00e9crit donc une lettre \u00e0 cette s\u0153ur qu\u2019elle a, dit-elle, remplac\u00e9e aupr\u00e8s de ses parents. Avec trois ou quatre photos, le silence parfois douloureux de son p\u00e8re et une phrase au combien maladroite de sa m\u00e8re( l&rsquo;autre \u00e9tait la gentille, la morte&#160;!), elle fait vivre le poids du deuil dans cette famille.<\/p>\n<p>L\u2019\u00e9vocation des ann\u00e9es 50 dans la province cauchoise \u00e0 travers les maladies enfantines et le sentiment religieux est r\u00e9ussie, en tout cas pour moi. Vite lu, ce livre ne sera pas pour autant, vite oubli\u00e9.<\/p>\n<h1>Citations<\/h1>\n<p>&nbsp;<\/p>\n<blockquote><p><em>Comme me le confirmera aussi un jour la directrice du pensionnat en me traversant de ses yeux \u00e9tincelants \u00ab&#160;on peut avoir vingt partout en classe et ne pas \u00eatre agr\u00e9able \u00e0 Dieu&#160;\u00bb.<\/em><\/p>\n<p><em>\u00a0<\/em><\/p>\n<p><em>Je n\u2019\u00e9cris pas parce que tu es morte. Tu es morte pour que j\u2019\u00e9crive, \u00e7a fait une sacr\u00e9 diff\u00e9rence.<\/em><\/p>\n<p><em>\u00a0<\/em><\/p>\n<p><em>Aujourd\u2019hui seulement je me pose la question pourtant si simple, qui ne m\u2019est jamais venue&#160;: pourquoi ne les ai-je jamais interrog\u00e9s sur toi, \u00e0 aucun moment, pas m\u00eame adulte et m\u00e8re \u00e0 mon tour&#160;? Pourquoi ne pas leur avoir dit que je savais.<\/em><\/p>\n<p><em>\u00a0<\/em><\/p>\n<p><em>Tu n\u2019as d\u2019existence qu\u2019au travers de ton empreinte sur la mienne. T\u2019\u00e9crire, ce n\u2019est rien d\u2019autre que faire le tour de ton absence. D\u00a0\u00e9crire l\u2019h\u00e9ritage d\u2019absence. Tu es une forme vide impossible \u00e0 remplir d\u2019\u00e9criture.<\/em><\/p>\n<p><em>\u00a0<\/em><\/p>\n<p><em>Je suis venue au monde parce que tu es morte et je t\u2019ai remplac\u00e9e.<\/em><\/p><\/blockquote>\n<h1>On en parle<\/h1>\n<p><a href=\"http:\/\/fibromaman.blogspot.com\/2011\/03\/anne-ernaux-lautre-fille.html\">Moi Clara et les mots<\/a>.<\/p>\n<\/div>\n<\/div>\n","protected":false},"excerpt":{"rendered":"<p>J\u2019ai lu et je lirai tous les livres de cette auteure, depuis \u00ab&#160;la Place&#160;\u00bb. Ils sont tous dans ma biblioth\u00e8que, je les relis et surtout j\u2019y pense souvent. Je n\u2019ai jamais trouv\u00e9 quelqu\u2019un qui sache aussi bien expliquer le changement de condition sociale qui accompagne la r\u00e9ussite scolaire. Le jour o\u00f9 la petite fille n\u2019a <span class=\"ellipsis\">&hellip;<\/span> <span class=\"more-link-wrap\"><a href=\"https:\/\/luocine.fr\/?p=1474\" class=\"more-link\"><span>Read More &rarr;<\/span><\/a><\/span><\/p>\n","protected":false},"author":822092,"featured_media":0,"comment_status":"open","ping_status":"open","sticky":false,"template":"","format":"standard","meta":{"footnotes":""},"categories":[46,7,24,4,49],"tags":[],"class_list":["post-1474","post","type-post","status-publish","format-standard","hentry","category-5-coquillages","category-autobiographie","category-france","category-mes-preferences","category-roman"],"_links":{"self":[{"href":"https:\/\/luocine.fr\/index.php?rest_route=\/wp\/v2\/posts\/1474","targetHints":{"allow":["GET"]}}],"collection":[{"href":"https:\/\/luocine.fr\/index.php?rest_route=\/wp\/v2\/posts"}],"about":[{"href":"https:\/\/luocine.fr\/index.php?rest_route=\/wp\/v2\/types\/post"}],"author":[{"embeddable":true,"href":"https:\/\/luocine.fr\/index.php?rest_route=\/wp\/v2\/users\/822092"}],"replies":[{"embeddable":true,"href":"https:\/\/luocine.fr\/index.php?rest_route=%2Fwp%2Fv2%2Fcomments&post=1474"}],"version-history":[{"count":0,"href":"https:\/\/luocine.fr\/index.php?rest_route=\/wp\/v2\/posts\/1474\/revisions"}],"wp:attachment":[{"href":"https:\/\/luocine.fr\/index.php?rest_route=%2Fwp%2Fv2%2Fmedia&parent=1474"}],"wp:term":[{"taxonomy":"category","embeddable":true,"href":"https:\/\/luocine.fr\/index.php?rest_route=%2Fwp%2Fv2%2Fcategories&post=1474"},{"taxonomy":"post_tag","embeddable":true,"href":"https:\/\/luocine.fr\/index.php?rest_route=%2Fwp%2Fv2%2Ftags&post=1474"}],"curies":[{"name":"wp","href":"https:\/\/api.w.org\/{rel}","templated":true}]}}