{"id":14244,"date":"2022-01-14T06:23:50","date_gmt":"2022-01-14T05:23:50","guid":{"rendered":"https:\/\/luocine.fr\/?p=14244"},"modified":"2022-01-11T09:57:02","modified_gmt":"2022-01-11T08:57:02","slug":"mon-maitre-et-mon-vainqueur-francois-henri-deserable","status":"publish","type":"post","link":"https:\/\/luocine.fr\/?p=14244","title":{"rendered":"Mon Ma\u00eetre et Mon Vainqueur &#8211; Fran\u00e7ois-Henri D\u00c9S\u00c9RABLE"},"content":{"rendered":"<p><a href=\"https:\/\/luocine.fr\/wp-content\/uploads\/2021\/12\/maitre.jpg\"><img loading=\"lazy\" decoding=\"async\" class=\"alignnone size-full wp-image-14245\" src=\"https:\/\/luocine.fr\/wp-content\/uploads\/2021\/12\/maitre.jpg\" alt=\"\" width=\"1080\" height=\"810\" srcset=\"https:\/\/luocine.fr\/wp-content\/uploads\/2021\/12\/maitre.jpg 1080w, https:\/\/luocine.fr\/wp-content\/uploads\/2021\/12\/maitre-300x225.jpg 300w, https:\/\/luocine.fr\/wp-content\/uploads\/2021\/12\/maitre-1024x768.jpg 1024w, https:\/\/luocine.fr\/wp-content\/uploads\/2021\/12\/maitre-768x576.jpg 768w\" sizes=\"auto, (max-width: 1080px) 100vw, 1080px\" \/><\/a><\/p>\n<p>&nbsp;<\/p>\n<p><em>\u00c9dition Gallimard<\/em><\/p>\n<p><em>Lu dans le cadre du club de lecture de<a href=\"https:\/\/mediatheques.cote-emeraude.fr\/l-ourse\">\u00a0la m\u00e9diath\u00e8que de Dinard\u00a0<\/a><\/em><\/p>\n<p><a href=\"https:\/\/luocine.fr\/wp-content\/uploads\/2014\/10\/2.jpg\"><img loading=\"lazy\" decoding=\"async\" class=\"size-full wp-image-723 alignleft\" src=\"https:\/\/luocine.fr\/wp-content\/uploads\/2014\/10\/2.jpg\" alt=\"\" width=\"200\" height=\"58\" \/><\/a>Si vous observez bien la photo, vous verrez que ces petits livres sont sign\u00e9s des noms de po\u00e8tes dont il sera beaucoup question dans ce roman. Baudelaire, Verlaine et Rimbaud et les nombreux Ha\u00efkus qui rythment ce roman \u00e0 l&rsquo;\u00e9criture si particuli\u00e8re.<\/p>\n<p>Je n&rsquo;ai pas adh\u00e9r\u00e9 \u00e0 cette lecture, mais je reconnais que c&rsquo;est un extraordinaire travail d&rsquo;\u00e9criture. Si Fran\u00e7ois-Henri D\u00e9s\u00e9rable ne vous embarque avec son style particulier, son histoire d&rsquo;amour perd tout son charme. C&rsquo;est difficile d&rsquo;expliquer pourquoi on ne part pas dans un roman. Il faut d&rsquo;abord que je dise que les continuelles r\u00e9f\u00e9rences \u00e0 la culture litt\u00e9raire m&rsquo;agacent prodigieusement. Je sais que j&rsquo;en ai rat\u00e9 beaucoup car cela ne m&rsquo;amuse pas et j&rsquo;ai trouv\u00e9 que son roman fonctionnait comme un jeu pour des lecteurs \u00ab&#160;cultiv\u00e9s&#160;\u00bb\u00a0&#160;: \u00e0 qui en trouverait le plus.<\/p>\n<p>Ensuite l&rsquo;histoire m&rsquo;a sembl\u00e9 tr\u00e8s artificielle, ces personnages avaient beau s&rsquo;aimer, je ne trouvais ni leur \u00e2me ni leur sensibilit\u00e9 dans cette histoire passionnelle.<\/p>\n<p>Bref un roman qui n&rsquo;est pas pour moi mais qui a obtenu le prix de l&rsquo;Acad\u00e9mie Fran\u00e7aise.<\/p>\n<p>Le po\u00e8me dont est extrait le titre&#160;:<\/p>\n<p style=\"text-align: center;\">Es-tu brune ou blonde&#160;?<br \/>\nSont-ils noirs ou bleus,<br \/>\nTes yeux&#160;?<br \/>\nJe n&rsquo;en sais rien mais j&rsquo;aime leur clart\u00e9 profonde,<br \/>\nMais j&rsquo;adore le d\u00e9sordre de tes cheveux.<\/p>\n<p style=\"text-align: center;\">Es-tu douce ou dure&#160;?<br \/>\nEst-il sensible ou moqueur,<br \/>\nTon coeur&#160;?<br \/>\nJe n&rsquo;en sais rien mais je rends gr\u00e2ce \u00e0 la nature<br \/>\nD&rsquo;avoir fait de ton coeur <strong>mon ma\u00eetre et mon vainqueur.<\/strong><\/p>\n<p style=\"text-align: center;\">Fid\u00e8le, infid\u00e8le&#160;?<br \/>\nQu&rsquo;est-ce que \u00e7a fait,<br \/>\nAu fait<br \/>\nPuisque toujours dispose \u00e0 couronner mon z\u00e8le<br \/>\nTa beaut\u00e9 sert de gage \u00e0 mon plus cher souhait.<\/p>\n<p>&nbsp;<\/p>\n<p style=\"text-align: center;\"><em>Paul Verlaine<\/em><\/p>\n<p>&nbsp;<\/p>\n<p>&nbsp;<\/p>\n<h1>Citations<\/h1>\n<h3>Jeu des r\u00e9f\u00e9rences litt\u00e9raires<\/h3>\n<blockquote><p><em>Elle n&rsquo;\u00e9tait pas du tout son genre&#160;; il n&rsquo;avait jamais \u00e9t\u00e9 le sien. Ils n&rsquo;avaient rien pour se plaire&#160;; ils se plurent pourtant, s&rsquo;aim\u00e8rent, souffriront de s&rsquo;\u00eatre aim\u00e9s, se d\u00e9saim\u00e8rent, souffriront de s&rsquo;\u00eatre d\u00e9saim\u00e9s, se retrouv\u00e8rent et se quitt\u00e8rent pour de bon .<\/em><\/p><\/blockquote>\n<h3>Je connais des gens avec la m\u00eame pathologie<\/h3>\n<blockquote>\n<div id=\"yiv6266899785yMail_cursorElementTracker_1638537181413\">\u00a0<em>Elle disait souffrir depuis plusieurs ann\u00e9es d&rsquo;une pathologie qu&rsquo;elle craignait irr\u00e9versible, elle omettait de prendre en compte \u00ab&#160;le temps de trajet&#160;\u00bb. Elle ne partait de chez elle qu&rsquo;\u00e0 l&rsquo;heure o\u00f9 elle \u00e9tait attendue, comme si, d&rsquo;un claquement de doigts, elle pouvait se retrouver sur le lieu de rendez-vous o\u00f9 elle arrivait en g\u00e9n\u00e9ral en retard d&rsquo;un quart d&rsquo;heure, parfois plus, jamais moins -elle ratait des trains, elle offusquait des gens, c&rsquo;est comme \u00e7a, mon vieux, il faut t&rsquo;y faire, disait Tina.<\/em><\/div>\n<\/blockquote>\n<div><\/div>\n<div><\/div>\n<h3>Petite remarque assez juste<\/h3>\n<div>\n<blockquote>\n<div id=\"yiv2239142870yMail_cursorElementTracker_1638538273532\">\u00a0<em>Albertine viens d&rsquo;avoir dix huit ans&#160;: elle a d\u00e9croch\u00e9 le bac, une mention assez bien avec un 18 en fran\u00e7ais, c&rsquo;est l&rsquo;\u00e9t\u00e9, elle n&rsquo;est pas s\u00fbr de savoir ce qu&rsquo;elle veut faire \u00e0 la rentr\u00e9e, elle h\u00e9site entre une fac de lettres et ne rien foutre, certains pr\u00e9tendent que c&rsquo;est un peu la m\u00eame chose.<\/em><\/div>\n<\/blockquote>\n<\/div>\n","protected":false},"excerpt":{"rendered":"<p>&nbsp; \u00c9dition Gallimard Lu dans le cadre du club de lecture de\u00a0la m\u00e9diath\u00e8que de Dinard\u00a0 Si vous observez bien la photo, vous verrez que ces petits livres sont sign\u00e9s des noms de po\u00e8tes dont il sera beaucoup question dans ce roman. Baudelaire, Verlaine et Rimbaud et les nombreux Ha\u00efkus qui rythment ce roman \u00e0 l&rsquo;\u00e9criture <span class=\"ellipsis\">&hellip;<\/span> <span class=\"more-link-wrap\"><a href=\"https:\/\/luocine.fr\/?p=14244\" class=\"more-link\"><span>Read More &rarr;<\/span><\/a><\/span><\/p>\n","protected":false},"author":822092,"featured_media":0,"comment_status":"open","ping_status":"open","sticky":false,"template":"","format":"standard","meta":{"footnotes":""},"categories":[43,133,277,24,283,49],"tags":[],"class_list":["post-14244","post","type-post","status-publish","format-standard","hentry","category-2-coquillages","category-amour-et-couple","category-club-de-lecture-dinard","category-france","category-poesie-theme","category-roman"],"_links":{"self":[{"href":"https:\/\/luocine.fr\/index.php?rest_route=\/wp\/v2\/posts\/14244","targetHints":{"allow":["GET"]}}],"collection":[{"href":"https:\/\/luocine.fr\/index.php?rest_route=\/wp\/v2\/posts"}],"about":[{"href":"https:\/\/luocine.fr\/index.php?rest_route=\/wp\/v2\/types\/post"}],"author":[{"embeddable":true,"href":"https:\/\/luocine.fr\/index.php?rest_route=\/wp\/v2\/users\/822092"}],"replies":[{"embeddable":true,"href":"https:\/\/luocine.fr\/index.php?rest_route=%2Fwp%2Fv2%2Fcomments&post=14244"}],"version-history":[{"count":5,"href":"https:\/\/luocine.fr\/index.php?rest_route=\/wp\/v2\/posts\/14244\/revisions"}],"predecessor-version":[{"id":14400,"href":"https:\/\/luocine.fr\/index.php?rest_route=\/wp\/v2\/posts\/14244\/revisions\/14400"}],"wp:attachment":[{"href":"https:\/\/luocine.fr\/index.php?rest_route=%2Fwp%2Fv2%2Fmedia&parent=14244"}],"wp:term":[{"taxonomy":"category","embeddable":true,"href":"https:\/\/luocine.fr\/index.php?rest_route=%2Fwp%2Fv2%2Fcategories&post=14244"},{"taxonomy":"post_tag","embeddable":true,"href":"https:\/\/luocine.fr\/index.php?rest_route=%2Fwp%2Fv2%2Ftags&post=14244"}],"curies":[{"name":"wp","href":"https:\/\/api.w.org\/{rel}","templated":true}]}}