{"id":1415,"date":"2011-08-14T12:43:00","date_gmt":"2011-08-14T11:43:00","guid":{"rendered":"http:\/\/luocine.fr\/?p=1415"},"modified":"2014-11-06T14:18:21","modified_gmt":"2014-11-06T13:18:21","slug":"melancholia-lars-von-trier","status":"publish","type":"post","link":"https:\/\/luocine.fr\/?p=1415","title":{"rendered":"Melancholia &#8211; Lars VON TRIER"},"content":{"rendered":"<div>\n<h2><img loading=\"lazy\" decoding=\"async\" class=\"aligncenter\" src=\"http:\/\/cdn-premiere.ladmedia.fr\/var\/premiere\/storage\/images\/cinema\/photos\/reportages\/photos-lars-von-trier-2867954\/2011-melancholia\/47773548-1-fre-FR\/2011-Melancholia_diaporama.jpg\" alt=\"http:\/\/cdn-premiere.ladmedia.fr\/var\/premiere\/storage\/images\/cinema\/photos\/reportages\/photos-lars-von-trier-2867954\/2011-melancholia\/47773548-1-fre-FR\/2011-Melancholia_diaporama.jpg\" width=\"541\" height=\"352\" \/><\/h2>\n<\/div>\n<div>\n<div>\n<p>\u00a0Je me suis inscrite au soleil d\u2019or sur le blog de <a href=\"http:\/\/chris666.blogs.allocine.fr\/chris666-304292-festival_dete__10_aout___4_octobre.htm\">Christoblog\u00a0<\/a>, vous pouvez, vous aussi, participer, voici la liste et comme je fais tout bien j&rsquo;ai commenc\u00e9 par le premier&#160;!<\/p>\n<p>10 ao\u00fbt&#160;: Melancholia\u00a0de Lars Von Trier<br \/>\n17 ao\u00fbt&#160;: La piel que habito\u00a0de Pedro Almodovar<br \/>\n24 ao\u00fbt&#160;: Les Bien-aim\u00e9s de Christophe Honor\u00e9<br \/>\n31 ao\u00fbt&#160;: La guerre est d\u00e9clar\u00e9e\u00a0de Val\u00e9rie Donzelli<br \/>\n7 septembre&#160;: Habemus papam\u00a0de Nanni Moretti<br \/>\n14 septembre&#160;: La f\u00e9e de Dominique Abel, Fiona Gordon et et Bruno Romy<br \/>\n14 septembre&#160;: Crazy, stupid, love de John Requa et Glenn Ficcara<br \/>\n21 septembre&#160;: L&rsquo;Apollonide, souvenirs de la maison close de Bertrand Bonello<br \/>\n21 septembre&#160;: Restless\u00a0de Gus Van Sant<br \/>\n28 septembre&#160;: We need to talk about Kevin\u00a0de Lynne Ramsay<\/p>\n<p>H\u00e9las, je ne sais pas si je vais finalement participer \u00e0 l\u2019attribution des soleils d\u2019or car j\u2019ai \u00e9t\u00e9, pour le moins, d\u00e9\u00e7ue par ce film et il m\u2019en reste 9 \u00e0 voir&#160;! Le sujet de Melancholia&#160;: la d\u00e9pression d\u2019une femme et la fin du monde. Les images de la fin du monde sont superbes et pourquoi pas&#160;? Oui pourquoi \u00e7a ne se passerait-il pas comme \u00e7a, ou autrement peu importe en r\u00e9alit\u00e9. Visiblement Lars Von Trier y croit \u00e0 sa vision et h\u00e9las aussi \u00e0 ses propos moralisateurs sur la terre&#160;: la terre est mauvaise et m\u00e9rite de dispara\u00eetre. La femme d\u00e9pressive est tr\u00e8s belle, sa d\u00e9pression tr\u00e8s esth\u00e9tique.<\/p>\n<p>Mais ce qui m\u2019a le plus agac\u00e9e, c\u2019est le milieu social qu\u2019il a choisi pour son film, une famille immens\u00e9ment riche (c\u2019est mieux pour les d\u00e9cors) et tous compl\u00e8tement d\u00e9jant\u00e9s c\u2019est mieux pour les regards et les sous entendus. Je pense que la fin du monde dans les quartiers surpeupl\u00e9s c\u2019est moins po\u00e9tique mais tout aussi tragique.<\/p>\n<p>Pour finir, (je sais c\u2019est un peu facile) mais que Jack Bauer n\u2019arrive pas \u00e0 sauver la plan\u00e8te m\u2019a fortement d\u00e9\u00e7ue :d\u00e9j\u00e0 je n\u2019arrive pas \u00e0 finir la saison 7, je ne peux plus faire confiance \u00e0 personne&#160;! Je dois dire que je suis rest\u00e9e jusqu\u2019\u00e0 la fin, ainsi que tous les spectateurs de Dinard, que le film tout en m\u2019aga\u00e7ant m\u2019a quand m\u00eame captiv\u00e9e c\u2019est pourquoi il re\u00e7oit ses trois coquillages.<\/p>\n<h2>\u00a0On en parle<\/h2>\n<p>Article int\u00e9ressant d&rsquo;un blog queje ne connaissais pas&#160;:\u00a0<a href=\"http:\/\/surmesbrizees.wordpress.com\/2011\/08\/18\/melancholia-jai-aime-ou-jai-pas-aime\/\">Sur mes bris\u00e9es<\/a><\/p>\n<\/div>\n<\/div>\n","protected":false},"excerpt":{"rendered":"<p>\u00a0Je me suis inscrite au soleil d\u2019or sur le blog de Christoblog\u00a0, vous pouvez, vous aussi, participer, voici la liste et comme je fais tout bien j&rsquo;ai commenc\u00e9 par le premier&#160;! 10 ao\u00fbt&#160;: Melancholia\u00a0de Lars Von Trier 17 ao\u00fbt&#160;: La piel que habito\u00a0de Pedro Almodovar 24 ao\u00fbt&#160;: Les Bien-aim\u00e9s de Christophe Honor\u00e9 31 ao\u00fbt&#160;: La <span class=\"ellipsis\">&hellip;<\/span> <span class=\"more-link-wrap\"><a href=\"https:\/\/luocine.fr\/?p=1415\" class=\"more-link\"><span>Read More &rarr;<\/span><\/a><\/span><\/p>\n","protected":false},"author":822092,"featured_media":0,"comment_status":"open","ping_status":"open","sticky":false,"template":"","format":"standard","meta":{"footnotes":""},"categories":[3],"tags":[],"class_list":["post-1415","post","type-post","status-publish","format-standard","hentry","category-cinema"],"_links":{"self":[{"href":"https:\/\/luocine.fr\/index.php?rest_route=\/wp\/v2\/posts\/1415","targetHints":{"allow":["GET"]}}],"collection":[{"href":"https:\/\/luocine.fr\/index.php?rest_route=\/wp\/v2\/posts"}],"about":[{"href":"https:\/\/luocine.fr\/index.php?rest_route=\/wp\/v2\/types\/post"}],"author":[{"embeddable":true,"href":"https:\/\/luocine.fr\/index.php?rest_route=\/wp\/v2\/users\/822092"}],"replies":[{"embeddable":true,"href":"https:\/\/luocine.fr\/index.php?rest_route=%2Fwp%2Fv2%2Fcomments&post=1415"}],"version-history":[{"count":0,"href":"https:\/\/luocine.fr\/index.php?rest_route=\/wp\/v2\/posts\/1415\/revisions"}],"wp:attachment":[{"href":"https:\/\/luocine.fr\/index.php?rest_route=%2Fwp%2Fv2%2Fmedia&parent=1415"}],"wp:term":[{"taxonomy":"category","embeddable":true,"href":"https:\/\/luocine.fr\/index.php?rest_route=%2Fwp%2Fv2%2Fcategories&post=1415"},{"taxonomy":"post_tag","embeddable":true,"href":"https:\/\/luocine.fr\/index.php?rest_route=%2Fwp%2Fv2%2Ftags&post=1415"}],"curies":[{"name":"wp","href":"https:\/\/api.w.org\/{rel}","templated":true}]}}