{"id":14118,"date":"2021-12-03T06:12:46","date_gmt":"2021-12-03T05:12:46","guid":{"rendered":"https:\/\/luocine.fr\/?p=14118"},"modified":"2023-01-31T18:05:03","modified_gmt":"2023-01-31T17:05:03","slug":"revenir-a-toi-leonor-de-recondo","status":"publish","type":"post","link":"https:\/\/luocine.fr\/?p=14118","title":{"rendered":"Revenir \u00e0 toi    &#8211; L\u00e9onor De RECONDO"},"content":{"rendered":"<p>&nbsp;<\/p>\n<p><a href=\"https:\/\/luocine.fr\/wp-content\/uploads\/2021\/11\/revenir.jpg\"><img loading=\"lazy\" decoding=\"async\" class=\"alignnone size-full wp-image-14119\" src=\"https:\/\/luocine.fr\/wp-content\/uploads\/2021\/11\/revenir.jpg\" alt=\"\" width=\"1080\" height=\"810\" srcset=\"https:\/\/luocine.fr\/wp-content\/uploads\/2021\/11\/revenir.jpg 1080w, https:\/\/luocine.fr\/wp-content\/uploads\/2021\/11\/revenir-300x225.jpg 300w, https:\/\/luocine.fr\/wp-content\/uploads\/2021\/11\/revenir-1024x768.jpg 1024w, https:\/\/luocine.fr\/wp-content\/uploads\/2021\/11\/revenir-768x576.jpg 768w\" sizes=\"auto, (max-width: 1080px) 100vw, 1080px\" \/><\/a><\/p>\n<p><em>\u00c9dition Grasset<\/em><\/p>\n<p><em>Lu dans le cadre du club de lecture de<a href=\"https:\/\/mediatheques.cote-emeraude.fr\/l-ourse\">\u00a0la m\u00e9diath\u00e8que de Dinard\u00a0<\/a><\/em><\/p>\n<p>Excusez le flou de la photo&#160;!<\/p>\n<p><a href=\"https:\/\/luocine.fr\/wp-content\/uploads\/2014\/10\/4.jpg\"><img loading=\"lazy\" decoding=\"async\" class=\"size-full wp-image-725 alignleft\" src=\"https:\/\/luocine.fr\/wp-content\/uploads\/2014\/10\/4.jpg\" alt=\"\" width=\"200\" height=\"58\" \/><\/a>J&rsquo;ai bien aim\u00e9 ce roman qui raconte le d\u00e9sespoir d&rsquo;une enfant qui ne retrouve pas, un soir en revenant de l&rsquo;\u00e9cole, sa m\u00e8re, \u00e0 la maison. \u00ab&#160;Elle est partie&#160;\u00bb lui dit son p\u00e8re, et elle n&rsquo;en saura jamais plus.<\/p>\n<p>Sa m\u00e8re grande d\u00e9pressive, \u00e9tait depuis quelques temps devenue mutique et restait allong\u00e9e sur un lit. Son p\u00e8re et sa fille venaient lui parler sans que jamais elle ne leur r\u00e9ponde. Et puis, trente ans plus tard, un message t\u00e9l\u00e9phonique lui apprend o\u00f9 vit sa m\u00e8re. En abandonnant imm\u00e9diatement tout, elle part retrouver celle qui lui a tant manqu\u00e9.<\/p>\n<p>Le roman suit le voyage de cette femme vers sa m\u00e8re et la lente remont\u00e9e dans ses propres souvenirs. On comprend sa col\u00e8re contre son p\u00e8re et ses grands-parents qui l&rsquo;ont \u00e9lev\u00e9e mais qui n&rsquo;ont jamais voulu lui dire o\u00f9 \u00e9tait sa m\u00e8re. Le savaient-ils&#160;? Elle a choisi le th\u00e9\u00e2tre pour se reconstruire et cette adolescente bless\u00e9e a retrouv\u00e9 dans la personnage d&rsquo;Antigone un \u00e9cho \u00e0 sa propre douleur. Son p\u00e8re va refaire sa vie et la laisse pr\u00e8s de ses grand-parents. On a du mal \u00e0 comprendre pourquoi ce silence qu&rsquo;elle ne peut interpr\u00e9ter et en cons\u00e9quence de quoi la prive d&rsquo;un rapport normal avec eux. Ils n&rsquo;ont pas su l&rsquo;aimer mais elle ne s&rsquo;est pas laiss\u00e9e approcher d&rsquo;eux. Pourtant, si sa grand-m\u00e8re est tr\u00e8s brusque, son grand-p\u00e8re semble plus tendre. Elle retrouvera sa m\u00e8re mais n&rsquo;en saura pas beaucoup plus.<br \/>\nLe lecteur n&rsquo;aura jamais toutes les cl\u00e9s pour mieux comprendre les personnages de ce roman. La d\u00e9pression de sa m\u00e8re, le silence de son p\u00e8re et de ses grands-parents, et pourquoi adulte, elle n&rsquo;a pas plus cherch\u00e9 o\u00f9 \u00e9tait sa m\u00e8re. Cela m&rsquo;a un peu g\u00ean\u00e9e, pour faire de ce roman un vrai coup de c\u0153ur.<\/p>\n<p>En remplissant mon ab\u00e9c\u00e9daire je me suis aper\u00e7ue que j&rsquo;avais d\u00e9j\u00e0 lu un livre dette auteure&#160;: \u00ab&#160;<a href=\"https:\/\/luocine.fr\/?p=451\">R\u00eaves oubli\u00e9s<\/a>&#160;\u00bb (que j&rsquo;avais bien oubli\u00e9, il est vrai&#160;!)<\/p>\n<p>&nbsp;<\/p>\n<p>&nbsp;<\/p>\n<h1>Citations<\/h1>\n<h3>D\u00e9part de sa m\u00e8re<\/h3>\n<blockquote>\n<div id=\"yiv9945053538yMail_cursorElementTracker_1635857460896\">\u00a0<em>Elle se souvient du jour o\u00f9 son p\u00e8re, Isidore, lui avait dit&#160;: maman est partie.<\/em><\/div>\n<div id=\"yiv9945053538yMail_cursorElementTracker_1635857589232\"><em>\u00a0Une phrase simple sujet verbe participe pass\u00e9. Une phrase tout \u00e0 fait intelligible. Magdalena la comprenait, mais la trouvait trop courte. Il manquait au moins un compl\u00e9ment de lieu, ainsi que plusieurs paragraphes d&rsquo;explications. Une maman ne part pas comme \u00e7a.<\/em><\/div>\n<\/blockquote>\n<h3>Le courrier<\/h3>\n<div>\n<blockquote>\n<div id=\"yiv3809980675yMail_cursorElementTracker_1635861365263\">\u00a0<em>Les gens ne s&rsquo;\u00e9crivent plus, disait-il \u00e0 Appolonia, des courriers \u00e9lectroniques, c&rsquo;est de l&rsquo;\u00e9crit impalpable, et ce qui ne se touche pas ne compte pas. \u00c0 la fin, je ne portais plus que des publicit\u00e9s, des factures, des relev\u00e9s de banque, aucune trace de stylo, d&rsquo;\u00e9criture, une carte postale de temps en temps pour une grande tante parce qu&rsquo;on sait qu&rsquo;elle aime \u00e7a. Souvenir de Rome, de Budapest.<\/em><\/div>\n<\/blockquote>\n<h3>M\u00e9tier d&rsquo;actrice<\/h3>\n<\/div>\n<div>\n<div>\n<blockquote>\n<div id=\"yiv3569993777yMail_cursorElementTracker_1635920212203\">\u00a0<em>Chaque personnage est un manque de plus, un effacement du trait, un d\u00e9tour sur le chemin, un sentier sauvage \u00e0 d\u00e9fricher, une bifurcation, une excuse, une halte, encore une, pour ne pas s&rsquo;approcher du c\u0153ur, du poumon, et rester en lisi\u00e8re de soi, de son propre d\u00e9sir, se remplir du regard des autres, pour le prendre en embuscade, le s\u00e9duire, s&rsquo;en emparer, afin d&rsquo;\u00e9viter toujours d&rsquo;\u00eatre soi-m\u00eame&#160;?<\/em><\/div>\n<\/blockquote>\n<\/div>\n<\/div>\n<blockquote><p>&nbsp;<\/p><\/blockquote>\n","protected":false},"excerpt":{"rendered":"<p>&nbsp; \u00c9dition Grasset Lu dans le cadre du club de lecture de\u00a0la m\u00e9diath\u00e8que de Dinard\u00a0 Excusez le flou de la photo&#160;! J&rsquo;ai bien aim\u00e9 ce roman qui raconte le d\u00e9sespoir d&rsquo;une enfant qui ne retrouve pas, un soir en revenant de l&rsquo;\u00e9cole, sa m\u00e8re, \u00e0 la maison. \u00ab&#160;Elle est partie&#160;\u00bb lui dit son p\u00e8re, et <span class=\"ellipsis\">&hellip;<\/span> <span class=\"more-link-wrap\"><a href=\"https:\/\/luocine.fr\/?p=14118\" class=\"more-link\"><span>Read More &rarr;<\/span><\/a><\/span><\/p>\n","protected":false},"author":822092,"featured_media":0,"comment_status":"open","ping_status":"open","sticky":false,"template":"","format":"standard","meta":{"footnotes":""},"categories":[45,277,262,102,24,49],"tags":[],"class_list":["post-14118","post","type-post","status-publish","format-standard","hentry","category-4-coquillages","category-club-de-lecture-dinard","category-depression","category-enfance-malheureuse","category-france","category-roman"],"_links":{"self":[{"href":"https:\/\/luocine.fr\/index.php?rest_route=\/wp\/v2\/posts\/14118","targetHints":{"allow":["GET"]}}],"collection":[{"href":"https:\/\/luocine.fr\/index.php?rest_route=\/wp\/v2\/posts"}],"about":[{"href":"https:\/\/luocine.fr\/index.php?rest_route=\/wp\/v2\/types\/post"}],"author":[{"embeddable":true,"href":"https:\/\/luocine.fr\/index.php?rest_route=\/wp\/v2\/users\/822092"}],"replies":[{"embeddable":true,"href":"https:\/\/luocine.fr\/index.php?rest_route=%2Fwp%2Fv2%2Fcomments&post=14118"}],"version-history":[{"count":17,"href":"https:\/\/luocine.fr\/index.php?rest_route=\/wp\/v2\/posts\/14118\/revisions"}],"predecessor-version":[{"id":14121,"href":"https:\/\/luocine.fr\/index.php?rest_route=\/wp\/v2\/posts\/14118\/revisions\/14121"}],"wp:attachment":[{"href":"https:\/\/luocine.fr\/index.php?rest_route=%2Fwp%2Fv2%2Fmedia&parent=14118"}],"wp:term":[{"taxonomy":"category","embeddable":true,"href":"https:\/\/luocine.fr\/index.php?rest_route=%2Fwp%2Fv2%2Fcategories&post=14118"},{"taxonomy":"post_tag","embeddable":true,"href":"https:\/\/luocine.fr\/index.php?rest_route=%2Fwp%2Fv2%2Ftags&post=14118"}],"curies":[{"name":"wp","href":"https:\/\/api.w.org\/{rel}","templated":true}]}}