{"id":14053,"date":"2021-11-12T06:24:11","date_gmt":"2021-11-12T05:24:11","guid":{"rendered":"https:\/\/luocine.fr\/?p=14053"},"modified":"2021-11-13T11:41:33","modified_gmt":"2021-11-13T10:41:33","slug":"toute-la-violence-des-hommes-paul-colitze","status":"publish","type":"post","link":"https:\/\/luocine.fr\/?p=14053","title":{"rendered":"Toute la Violence des Hommes   &#8211; Paul COLIZE"},"content":{"rendered":"<p>&nbsp;<\/p>\n<p>&nbsp;<\/p>\n<p>&nbsp;<\/p>\n<p><a href=\"https:\/\/luocine.fr\/wp-content\/uploads\/2021\/10\/violence.jpg\"><img loading=\"lazy\" decoding=\"async\" class=\"alignnone size-full wp-image-14054\" src=\"https:\/\/luocine.fr\/wp-content\/uploads\/2021\/10\/violence.jpg\" alt=\"\" width=\"1080\" height=\"810\" srcset=\"https:\/\/luocine.fr\/wp-content\/uploads\/2021\/10\/violence.jpg 1080w, https:\/\/luocine.fr\/wp-content\/uploads\/2021\/10\/violence-300x225.jpg 300w, https:\/\/luocine.fr\/wp-content\/uploads\/2021\/10\/violence-1024x768.jpg 1024w, https:\/\/luocine.fr\/wp-content\/uploads\/2021\/10\/violence-768x576.jpg 768w\" sizes=\"auto, (max-width: 1080px) 100vw, 1080px\" \/><\/a><\/p>\n<p>\u00c9dition Herv\u00e9 Chopin (H.C) . <em>Lu dans le cadre du club de lecture de\u00a0<a href=\"https:\/\/mediatheques.cote-emeraude.fr\/l-ourse\">la m\u00e9diath\u00e8que de Dinard.<\/a><\/em><\/p>\n<p>&nbsp;<\/p>\n<p><a href=\"https:\/\/luocine.fr\/wp-content\/uploads\/2014\/10\/4.jpg\"><img loading=\"lazy\" decoding=\"async\" class=\"size-full wp-image-725 alignleft\" src=\"https:\/\/luocine.fr\/wp-content\/uploads\/2014\/10\/4.jpg\" alt=\"\" width=\"200\" height=\"58\" \/><\/a>Je dis souvent (par exemple dans mes commentaires sur vos blogs) que je lis peu de romans policiers, et bien en voil\u00e0 un que je vous recommande. L&rsquo;enqu\u00eate polici\u00e8re est moins passionnante que la toile de fond de ce roman, qui analyse en d\u00e9tails ce qu&rsquo;on conna\u00eet bien maintenant \u00ab&#160;le choc post-traumatique&#160;\u00bb. Est-ce que le nom de <a href=\"https:\/\/fr.wikipedia.org\/wiki\/Bataille_de_Vukovar\">Vukovar <\/a>vous dit quelque chose&#160;?<\/p>\n<p>Ce roman d\u00e9crit avec un r\u00e9alisme \u00e0 peine soutenable le terrible si\u00e8ge de cette ville par les Serbes, il est d\u00e9crit par le petit Duso un enfant de huit ans qui a vu l&rsquo;innommable. On comprend que Duso est, vingt plus tard, Nikola Stankovik accus\u00e9 du meurtre de la jeune et jolie Ivanka, croate elle aussi r\u00e9fugi\u00e9e en Belgique \u00e0 Bruxelles. Le lecteur en sait donc plus que les enqu\u00eateurs, l&rsquo;avocat, et la psychiatre charg\u00e9e de faire un diagnostique sur l&rsquo;\u00e9tat mental de Nikola. Celui-ci est un dessinateur de talent et graffeur de g\u00e9nie. \u00c0 travers ses dessins, il en dit plus que par les mots qui sont d\u00e9finitivement bloqu\u00e9s dans son inconscient. Le long processus pour remonter au traumatisme d&rsquo;une violence absolue est bien d\u00e9crit et sans doute tr\u00e8s proche des efforts que doivent faire les th\u00e9rapeutes pour lib\u00e9rer la parole de leurs patients. Ensuite ceux-ci doivent se reconstruire mais est-ce toujours possible&#160;? Au moment o\u00f9 je r\u00e9dige ce billet, l&rsquo;actualit\u00e9 raconte le proc\u00e8s des assassins du Bataclan, et certains rescap\u00e9s racontent des traumatismes qui les ont marqu\u00e9s \u00e0 tout jamais, mais on mesure aussi l\u2019importance de dire en public ce qu\u2019ils ont v\u00e9cu, ce que ne peuvent pas faire des enfants trop jeunes qui enfouissent leurs souvenirs traumatisants au plus profond de leur m\u00e9moire.<\/p>\n<p>Je n&rsquo;ai mis que quatre coquillages \u00e0 ce roman car j&rsquo;ai trouv\u00e9 que le genre \u00ab&#160;policier&#160;\u00bb exigeait des simplifications dans les personnages qui m&rsquo;ont un peu g\u00ean\u00e9e. La psychiatre qui lutte contre un coll\u00e8gue arriviste qui ne soigne qu&rsquo;\u00e0 coups de calmants, est un grand classique du genre et c&rsquo;est trop manich\u00e9en pour moi. Mais ce n&rsquo;est qu&rsquo;un d\u00e9tail et je retiendrai surtout la description du si\u00e8ge de Vukovar que j&rsquo;avais d\u00e9j\u00e0 bien oubli\u00e9, et les d\u00e9g\u00e2ts dans une personnalit\u00e9 d&rsquo;un enfant qui a vu sans pouvoir en reparler des horreurs de la guerre civile&#160;: oui, quand la violence des hommes se d\u00e9cha\u00eene, les enfants sont des proies trop faciles, trop fragiles et m\u00eame s&rsquo;ils survivent on ne sait pas grand chose des r\u00e9percussions sur leur personnalit\u00e9.<\/p>\n<h1>Citation<\/h1>\n<h3>L&rsquo;image des Fran\u00e7ais en Belgique<\/h3>\n<blockquote>\n<div id=\"yiv1290561871yMail_cursorElementTracker_1635008432084\"><em>\u00a0L&rsquo;homme \u00e9tait d&rsquo;origine fran\u00e7aise.<\/em><\/div>\n<div id=\"yiv1290561871yMail_cursorElementTracker_1635008473540\"><em>\u00a0Les fran\u00e7ais savent tout sur tout et tiennent \u00e0 ce que \u00e7a se sache. Il avait d&#8217;embl\u00e9e\u00a0revendiquer sa nationalit\u00e9, en pr\u00e9cisant la r\u00e9gion et la ville de naissance, comme ils le font g\u00e9n\u00e9ralement entre eux pour \u00e9valuer les forces en pr\u00e9sence.<\/em><\/div>\n<div id=\"yiv1290561871yMail_cursorElementTracker_1635008499490\"><em>\u00a0Les chiens se reniflent le derri\u00e8re, au moins, c&rsquo;est silencieux.<\/em><\/div>\n<\/blockquote>\n","protected":false},"excerpt":{"rendered":"<p>&nbsp; &nbsp; &nbsp; \u00c9dition Herv\u00e9 Chopin (H.C) . Lu dans le cadre du club de lecture de\u00a0la m\u00e9diath\u00e8que de Dinard. &nbsp; Je dis souvent (par exemple dans mes commentaires sur vos blogs) que je lis peu de romans policiers, et bien en voil\u00e0 un que je vous recommande. L&rsquo;enqu\u00eate polici\u00e8re est moins passionnante que la <span class=\"ellipsis\">&hellip;<\/span> <span class=\"more-link-wrap\"><a href=\"https:\/\/luocine.fr\/?p=14053\" class=\"more-link\"><span>Read More &rarr;<\/span><\/a><\/span><\/p>\n","protected":false},"author":822092,"featured_media":0,"comment_status":"open","ping_status":"open","sticky":false,"template":"","format":"standard","meta":{"footnotes":""},"categories":[45,91,280,277,108,61,2],"tags":[],"class_list":["post-14053","post","type-post","status-publish","format-standard","hentry","category-4-coquillages","category-belgique","category-choc-post-traumatique","category-club-de-lecture-dinard","category-guerre-yougoslavie","category-roman-de-guerre","category-romans-policiers"],"_links":{"self":[{"href":"https:\/\/luocine.fr\/index.php?rest_route=\/wp\/v2\/posts\/14053","targetHints":{"allow":["GET"]}}],"collection":[{"href":"https:\/\/luocine.fr\/index.php?rest_route=\/wp\/v2\/posts"}],"about":[{"href":"https:\/\/luocine.fr\/index.php?rest_route=\/wp\/v2\/types\/post"}],"author":[{"embeddable":true,"href":"https:\/\/luocine.fr\/index.php?rest_route=\/wp\/v2\/users\/822092"}],"replies":[{"embeddable":true,"href":"https:\/\/luocine.fr\/index.php?rest_route=%2Fwp%2Fv2%2Fcomments&post=14053"}],"version-history":[{"count":16,"href":"https:\/\/luocine.fr\/index.php?rest_route=\/wp\/v2\/posts\/14053\/revisions"}],"predecessor-version":[{"id":14170,"href":"https:\/\/luocine.fr\/index.php?rest_route=\/wp\/v2\/posts\/14053\/revisions\/14170"}],"wp:attachment":[{"href":"https:\/\/luocine.fr\/index.php?rest_route=%2Fwp%2Fv2%2Fmedia&parent=14053"}],"wp:term":[{"taxonomy":"category","embeddable":true,"href":"https:\/\/luocine.fr\/index.php?rest_route=%2Fwp%2Fv2%2Fcategories&post=14053"},{"taxonomy":"post_tag","embeddable":true,"href":"https:\/\/luocine.fr\/index.php?rest_route=%2Fwp%2Fv2%2Ftags&post=14053"}],"curies":[{"name":"wp","href":"https:\/\/api.w.org\/{rel}","templated":true}]}}