{"id":1393,"date":"2011-09-15T12:29:22","date_gmt":"2011-09-15T11:29:22","guid":{"rendered":"http:\/\/luocine.fr\/?p=1393"},"modified":"2014-11-06T17:12:37","modified_gmt":"2014-11-06T16:12:37","slug":"festival-du-film-britannique","status":"publish","type":"post","link":"https:\/\/luocine.fr\/?p=1393","title":{"rendered":"Festival du film Britannique"},"content":{"rendered":"<div>\n<h2><img loading=\"lazy\" decoding=\"async\" class=\"aligncenter\" src=\"http:\/\/img.over-blog.com\/382x500\/2\/31\/23\/40\/IMG.jpg\" alt=\"IMG.jpg\" width=\"195\" height=\"255\" \/><\/h2>\n<\/div>\n<div id=\"article7\">\n<div>\n<p>\u00a0D\u00e9sol\u00e9e pour mes amis les livres , mais pendant cinq jours je vais m&rsquo;enfermer avec d\u00e9lice dans les salles obscures de Dinard. Heureusement , la m\u00e9t\u00e9o annonce la fin de l&rsquo;\u00e9t\u00e9 , mais m\u00eame le soleil ne m&#8217;emp\u00eacherait pas d&rsquo;aller voir mes 4 \u00e0 5 films quotidiens\u2026 J&rsquo;essaierai d&rsquo;en rendre compte chaque soir sur mon blog si je ne suis pas \u00e9puis\u00e9e. La postion assise, \u00e7a fatigue&#160;!<\/p>\n<\/div>\n<\/div>\n","protected":false},"excerpt":{"rendered":"<p>\u00a0D\u00e9sol\u00e9e pour mes amis les livres , mais pendant cinq jours je vais m&rsquo;enfermer avec d\u00e9lice dans les salles obscures de Dinard. Heureusement , la m\u00e9t\u00e9o annonce la fin de l&rsquo;\u00e9t\u00e9 , mais m\u00eame le soleil ne m&#8217;emp\u00eacherait pas d&rsquo;aller voir mes 4 \u00e0 5 films quotidiens\u2026 J&rsquo;essaierai d&rsquo;en rendre compte chaque soir sur mon <span class=\"ellipsis\">&hellip;<\/span> <span class=\"more-link-wrap\"><a href=\"https:\/\/luocine.fr\/?p=1393\" class=\"more-link\"><span>Read More &rarr;<\/span><\/a><\/span><\/p>\n","protected":false},"author":822092,"featured_media":0,"comment_status":"open","ping_status":"open","sticky":false,"template":"","format":"standard","meta":{"footnotes":""},"categories":[3,33],"tags":[],"class_list":["post-1393","post","type-post","status-publish","format-standard","hentry","category-cinema","category-festival"],"_links":{"self":[{"href":"https:\/\/luocine.fr\/index.php?rest_route=\/wp\/v2\/posts\/1393","targetHints":{"allow":["GET"]}}],"collection":[{"href":"https:\/\/luocine.fr\/index.php?rest_route=\/wp\/v2\/posts"}],"about":[{"href":"https:\/\/luocine.fr\/index.php?rest_route=\/wp\/v2\/types\/post"}],"author":[{"embeddable":true,"href":"https:\/\/luocine.fr\/index.php?rest_route=\/wp\/v2\/users\/822092"}],"replies":[{"embeddable":true,"href":"https:\/\/luocine.fr\/index.php?rest_route=%2Fwp%2Fv2%2Fcomments&post=1393"}],"version-history":[{"count":0,"href":"https:\/\/luocine.fr\/index.php?rest_route=\/wp\/v2\/posts\/1393\/revisions"}],"wp:attachment":[{"href":"https:\/\/luocine.fr\/index.php?rest_route=%2Fwp%2Fv2%2Fmedia&parent=1393"}],"wp:term":[{"taxonomy":"category","embeddable":true,"href":"https:\/\/luocine.fr\/index.php?rest_route=%2Fwp%2Fv2%2Fcategories&post=1393"},{"taxonomy":"post_tag","embeddable":true,"href":"https:\/\/luocine.fr\/index.php?rest_route=%2Fwp%2Fv2%2Ftags&post=1393"}],"curies":[{"name":"wp","href":"https:\/\/api.w.org\/{rel}","templated":true}]}}