{"id":1368,"date":"2011-10-05T11:48:17","date_gmt":"2011-10-05T10:48:17","guid":{"rendered":"http:\/\/luocine.fr\/?p=1368"},"modified":"2014-11-06T14:05:54","modified_gmt":"2014-11-06T13:05:54","slug":"peter-mullan-a-portrait-philippe-pillard","status":"publish","type":"post","link":"https:\/\/luocine.fr\/?p=1368","title":{"rendered":"Peter Mullan&#160;: A portrait -Philippe Pillard"},"content":{"rendered":"<div>\n<h2><img loading=\"lazy\" decoding=\"async\" class=\"aligncenter\" src=\"http:\/\/img.over-blog.com\/300x284\/2\/31\/23\/40\/IMG_0001--Small--copie-3.jpg\" alt=\"IMG_0001--Small--copie-3.jpg\" width=\"300\" height=\"284\" \/><\/h2>\n<\/div>\n<div>\n<div>\n<p><a href=\"http:\/\/luocine.fr\/wp-content\/uploads\/2014\/10\/3.jpg\"><img loading=\"lazy\" decoding=\"async\" class=\"size-full wp-image-724 alignleft\" src=\"http:\/\/luocine.fr\/wp-content\/uploads\/2014\/10\/3.jpg\" alt=\"3\" width=\"200\" height=\"58\" \/><\/a><br \/>\nPeter Mullan est l\u2019acteur principal de Tyrannosaur , Hitchcock d\u2019or du festival. Son portait est int\u00e9ressant. Malheureusement ce documentaire est aussi l\u2019occasion de faire le point sur le cin\u00e9ma \u00e9cossais. Et alors l\u00e0, on a le droit aux universitaires pompeux qui adorent s\u2019\u00e9couter parler. Pour moi c\u2019\u00e9tait insupportable.<\/p>\n<p>En plus je trouve le portrait trop statique. J\u2019ai plus appris sur Peter Mullan, l\u2019an dernier lorsqu\u2019il \u00e9tait l\u2019invit\u00e9 d\u2019honneur du festival et qu\u2019il est venu parler de lui, lors de la projection de NEEDS, film auto biographique.<\/p>\n<p>Bref, int\u00e9r\u00eat mitig\u00e9 pour ce portrait.<\/p>\n<\/div>\n<\/div>\n","protected":false},"excerpt":{"rendered":"<p>Peter Mullan est l\u2019acteur principal de Tyrannosaur , Hitchcock d\u2019or du festival. Son portait est int\u00e9ressant. Malheureusement ce documentaire est aussi l\u2019occasion de faire le point sur le cin\u00e9ma \u00e9cossais. Et alors l\u00e0, on a le droit aux universitaires pompeux qui adorent s\u2019\u00e9couter parler. Pour moi c\u2019\u00e9tait insupportable. En plus je trouve le portrait trop <span class=\"ellipsis\">&hellip;<\/span> <span class=\"more-link-wrap\"><a href=\"https:\/\/luocine.fr\/?p=1368\" class=\"more-link\"><span>Read More &rarr;<\/span><\/a><\/span><\/p>\n","protected":false},"author":822092,"featured_media":0,"comment_status":"open","ping_status":"open","sticky":false,"template":"","format":"standard","meta":{"footnotes":""},"categories":[3,33],"tags":[],"class_list":["post-1368","post","type-post","status-publish","format-standard","hentry","category-cinema","category-festival"],"_links":{"self":[{"href":"https:\/\/luocine.fr\/index.php?rest_route=\/wp\/v2\/posts\/1368","targetHints":{"allow":["GET"]}}],"collection":[{"href":"https:\/\/luocine.fr\/index.php?rest_route=\/wp\/v2\/posts"}],"about":[{"href":"https:\/\/luocine.fr\/index.php?rest_route=\/wp\/v2\/types\/post"}],"author":[{"embeddable":true,"href":"https:\/\/luocine.fr\/index.php?rest_route=\/wp\/v2\/users\/822092"}],"replies":[{"embeddable":true,"href":"https:\/\/luocine.fr\/index.php?rest_route=%2Fwp%2Fv2%2Fcomments&post=1368"}],"version-history":[{"count":0,"href":"https:\/\/luocine.fr\/index.php?rest_route=\/wp\/v2\/posts\/1368\/revisions"}],"wp:attachment":[{"href":"https:\/\/luocine.fr\/index.php?rest_route=%2Fwp%2Fv2%2Fmedia&parent=1368"}],"wp:term":[{"taxonomy":"category","embeddable":true,"href":"https:\/\/luocine.fr\/index.php?rest_route=%2Fwp%2Fv2%2Fcategories&post=1368"},{"taxonomy":"post_tag","embeddable":true,"href":"https:\/\/luocine.fr\/index.php?rest_route=%2Fwp%2Fv2%2Ftags&post=1368"}],"curies":[{"name":"wp","href":"https:\/\/api.w.org\/{rel}","templated":true}]}}