{"id":13614,"date":"2021-09-20T06:25:50","date_gmt":"2021-09-20T04:25:50","guid":{"rendered":"https:\/\/luocine.fr\/?p=13614"},"modified":"2021-09-19T19:50:07","modified_gmt":"2021-09-19T17:50:07","slug":"comment-jai-rencontre-les-poissons-ota-pavel","status":"publish","type":"post","link":"https:\/\/luocine.fr\/?p=13614","title":{"rendered":"Comment j&rsquo;ai rencontr\u00e9 les poissons -Ota PAVEL"},"content":{"rendered":"<p><a href=\"https:\/\/luocine.fr\/wp-content\/uploads\/2021\/07\/les-poissons-e1625308044761.jpg\"><img loading=\"lazy\" decoding=\"async\" class=\"alignnone size-full wp-image-13615\" src=\"https:\/\/luocine.fr\/wp-content\/uploads\/2021\/07\/les-poissons-e1625308044761.jpg\" alt=\"\" width=\"1080\" height=\"810\" srcset=\"https:\/\/luocine.fr\/wp-content\/uploads\/2021\/07\/les-poissons-e1625308044761.jpg 1080w, https:\/\/luocine.fr\/wp-content\/uploads\/2021\/07\/les-poissons-e1625308044761-300x225.jpg 300w, https:\/\/luocine.fr\/wp-content\/uploads\/2021\/07\/les-poissons-e1625308044761-1024x768.jpg 1024w, https:\/\/luocine.fr\/wp-content\/uploads\/2021\/07\/les-poissons-e1625308044761-768x576.jpg 768w\" sizes=\"auto, (max-width: 1080px) 100vw, 1080px\" \/><\/a><\/p>\n<p><em>\u00c9dition folio poche . Traduit du tch\u00e8que par Barbora Faure.<\/em><\/p>\n<p><a href=\"https:\/\/luocine.fr\/wp-content\/uploads\/2014\/10\/5.jpg\"><img loading=\"lazy\" decoding=\"async\" class=\"size-full wp-image-726 alignleft\" src=\"https:\/\/luocine.fr\/wp-content\/uploads\/2014\/10\/5.jpg\" alt=\"\" width=\"200\" height=\"58\" \/><\/a>Coucou <a href=\"https:\/\/aleslire.wordpress.com\/2021\/06\/23\/comment-jai-rencontre-les-poissons-ota-pavel\/\">Athalie<\/a>, tu m&rsquo;avais bien tent\u00e9e avec ce roman, et je te remercie de me l&rsquo;avoir fait lire. C&rsquo;est une petite merveille ce livre de souvenirs d&rsquo;un enfant tch\u00e8que de p\u00e8re juif et de m\u00e8re chr\u00e9tienne qui conna\u00eet une enfance aim\u00e9e et riche en \u00e9v\u00e8nements avant la guerre, traverse les horreurs de la guerre et se reconstruit sous le communisme.<br \/>\nRacont\u00e9 comme cela, vous pensez qu&rsquo;il s&rsquo;agit \u00ab&#160;encore&#160;\u00bb d&rsquo;un roman sur la trag\u00e9die de la Shoa , mais pensez au titre&#160;! Ce livre raconte la passion de cet enfant pour les rivi\u00e8res et les poissons et nous fait conna\u00eetre son p\u00e8re L\u00e9o un personnage auquel rien ne r\u00e9siste. Enfin presque . D\u00e8s la d\u00e9dicace du livre le ton est donn\u00e9 et mon sourire \u00e9tait sur mes l\u00e8vres&#160;:<\/p>\n<blockquote><p><em>\u00c0 ma maman<\/em><\/p>\n<p><em>qui avait mon papa pour mari.<\/em><\/p><\/blockquote>\n<p>C&rsquo;est vrai qu&rsquo;il est un peu encombrant ce L\u00e9o , toujours pr\u00eat \u00e0 gagner des millions et devenir tr\u00e8s tr\u00e8s riche. Seulement voil\u00e0, la vie est faite d&rsquo;impr\u00e9vus surtout quand on aime les jolies femmes, offrir des tourn\u00e9es \u00e0 tous ses amis dans les bars, et surtout aller p\u00eacher la carpe dans des endroits merveilleux plut\u00f4t que de vendre des aspirateurs. Pourtant cela avait bien commenc\u00e9 avec le titre de \u00ab&#160;Meilleur Vendeur du Monde&#160;\u00bb d&rsquo;aspirateur Electrolux. La vie aupr\u00e8s de lui, pouvait \u00eatre compliqu\u00e9e, elle n&rsquo;\u00e9tait jamais ennuyeuse, il a fallu le nazisme pour ralentir sa fougue. Apr\u00e8s la guerre, il s&rsquo;enthousiasme pour le communisme jusqu&rsquo;\u00e0 ces terribles proc\u00e8s qui lui ass\u00e8ne une si triste r\u00e9alit\u00e9&#160;:<\/p>\n<blockquote><p><em>Pour la premi\u00e8re et la derni\u00e8re fois de sa vie, il s&rsquo;est blotti entre me bras comme le font les enfants. J&rsquo;\u00e9tais d\u00e9j\u00e0 un homme. Je le tenais dans mes bras et je regardais par-dessus sa t\u00eate ce \u00ab&#160;Rud\u00e9 Oarvo&#160;\u00bb o\u00f9 il avait coch\u00e9 au crayon rouge<\/em><\/p>\n<ul>\n<li><em>Rudolf Slansky, d&rsquo;origine juive<\/em><\/li>\n<li><em>Bedrich Germinder, d&rsquo;origine juive<\/em><\/li>\n<li><em>Ludvick Frejka, d&rsquo;origine juive<\/em><\/li>\n<li><em>Bedrich Reicin, d&rsquo;origine juive<\/em><\/li>\n<li><em>Rudolf Margolieus, d&rsquo;origine juive<\/em><\/li>\n<\/ul>\n<p><em>La s\u00e9rie de Juifs continuait et elle \u00e9tait toute macul\u00e9e de larmes. Lorsqu&rsquo;il se fut calm\u00e9, il me regarda d&rsquo;un air absent, comme s&rsquo;il ne me reconnaissait pas et dit&#160;:<\/em><\/p>\n<p><em>-Ils se remettent \u00e0 tuer les Juifs. Ils ont de nouveau besoin d&rsquo;un bouc \u00e9missaire.<\/em><\/p>\n<p><em>Puis il se leva, il donna un coup dans ce &lsquo;Ru\u00e9 Pravo&#160;\u00bb et il se mit \u00e0 crier&#160;:<\/em><\/p>\n<p><em>-Je pardonne les meurtres. M\u00eame judiciaires. M\u00eame politiques. Mais dans ce \u00ab&#160;Rud\u00e9 Pravo&#160;\u00bb communiste, on ne devrait jamais voir \u00ab&#160;d&rsquo;origine juive&#160;\u00bb&#160;! Des communistes, et ils classent les gens en Juifs et non-juifs&#160;!<\/em><\/p><\/blockquote>\n<p>Ota Pavel a connu lui, aussi les affres de la d\u00e9pression, mais gr\u00e2ce \u00e0 tous ses souvenirs de p\u00eaches dans des endroits merveilleux, il a r\u00e9ussi \u00e0 se reconstruire et il nous a laiss\u00e9 un livre qui nous fait sourire et aimer la vie. Son humour et sa pudeur en font un grand \u00e9crivain.<br \/>\nBravo \u00e0 cet auteur .<\/p>\n<h1>Citations<\/h1>\n<h3>Que disent nos f\u00e9ministes&#160;?<\/h3>\n<blockquote>\n<div id=\"yiv2955715613yMail_cursorElementTracker_1624952095615\">&#8211;<em>Vous ne peignez pas de femmes&#160;?\u00a0<\/em><\/div>\n<div id=\"yiv2955715613yMail_cursorElementTracker_1624952143076\"><em>&#8211; Vous savez, mon petit bonhomme, je ne les appr\u00e9cie pas tellement, vos bonnes femmes. Elles m&rsquo;\u00e9nervent terriblement. Quand elles posent pour se faire peindre, elles sont affreusement bavardes et quand elles se taisent, alors elles sont tout \u00e0 fait fadasses.<\/em><\/div>\n<\/blockquote>\n<h3>Le talent de son p\u00e8re<\/h3>\n<div>\n<blockquote>\n<div id=\"yiv8342510250yMail_cursorElementTracker_1624952471704\"><em>Pour la firme Electrolux l&rsquo;arriv\u00e9e de papa fut une grande aubaine. Il s&rsquo;av\u00e9ra rapidement qu&rsquo;il \u00e9tait un prodige en ce qui concerne la vente d&rsquo;aspirateurs et de r\u00e9frig\u00e9rateurs. Difficile de dire \u00e0 quoi cela tenait, mais il \u00e9tait g\u00e9nial dans ce domaine et si le talent est d\u00e9j\u00e0 mal ais\u00e9 \u00e0 reconna\u00eetre chez les g\u00e9nies artistique, il est d&rsquo;autant plus quand il s&rsquo;agit de vendre des aspirateurs \u00e0 poussi\u00e8re (&#8230;). Il \u00e9tait parvenu \u00e0 faire acqu\u00e9rir des aspirateurs \u00e0 des paysans de Nesuchyne o\u00f9 il n&rsquo;y avait pas encore de courant \u00e9lectrique moi. Bien entendu, il leur avait promis qu&rsquo;il allait les aider \u00e0 faire venir l&rsquo;\u00e9lectricit\u00e9, mais il ne tint pas sa promesse.\u00a0<\/em><\/div>\n<\/blockquote>\n<\/div>\n<h3>La pudeur du r\u00e9cit<\/h3>\n<div>\n<blockquote>\n<div id=\"yiv4770276396yMail_cursorElementTracker_1624953262419\"><em>Un autre homme heureux \u00e9tait le professeur Nechleba. Il s&rsquo;\u00e9tait remis \u00e0 peindre sa Lucr\u00e8ce. Un jour, quelques ann\u00e9es plus tard, papa vint le voir et lui dit \u00e0 quel point il la trouvait belle, et le professeur, tout joyeux la lui donna. Pendant la guerre, un SS saoul, blond aux yeux bleus, l&rsquo;arracha de notre mur et la fendit d&rsquo;un coup de poignard, la tuant somme toute pour la deuxi\u00e8me fois. Ce jour-l\u00e0 papa en eut les larmes aux yeux car il avait depuis longtemps oubli\u00e9e Mme Irma et il \u00e9tait secr\u00e8tement amoureux de Lucr\u00e8ce.<\/em><\/div>\n<\/blockquote>\n<\/div>\n<h3>La guerre<\/h3>\n<div>\n<blockquote>\n<div id=\"yiv1877173496yMail_cursorElementTracker_1625119800136\"><em>\u00c0 cette \u00e9poque la chair grasse et go\u00fbteuse des carpes nous \u00e9tait indispensable, pour nous, comme pour le troc. Pour les \u00e9changer contre de la farine, du pain et les cigarettes pour maman. J&rsquo;\u00e9tais rest\u00e9 seul avec maman, les autres \u00e9taient en camp de concentration. Je ne connaissais pas encore tr\u00e8s bien les carpes. Je devais apprendre \u00e0 voire si elles \u00e9taient de bonne ou de mauvaise humeur, si elles avaient faim ou au contraire repues et si elles avaient envie de jouer. Je devais conna\u00eetre leur lieu de passage et les endroits o\u00f9 il \u00e9tait vain de les attendre. Je te les pr\u00eate une canne solide et court, une ligne, un bouchon et un hame\u00e7on.\u00a0<\/em><\/div>\n<\/blockquote>\n<h3>L&rsquo;antis\u00e9mitisme apr\u00e8s la guerre<\/h3>\n<\/div>\n<div>\n<div>\n<blockquote>\n<div id=\"yiv3576312068yMail_cursorElementTracker_1625147574062\"><em>Ce monsieur commen\u00e7a \u00e0 lui faire la cour et au milieu de la danse, il lui dit&#160;:<\/em><\/div>\n<div id=\"yiv3576312068yMail_cursorElementTracker_1625147622500\"><em>&#8211; Vous \u00eates tellement belle, en la mangeant des yeux.\u00a0<\/em><\/div>\n<div id=\"yiv3576312068yMail_cursorElementTracker_1625147633775\"><em>Maman sourit, quelle femme n&rsquo;aurait pas \u00e9t\u00e9 flatt\u00e9&#160;?<\/em><\/div>\n<div id=\"yiv3576312068yMail_cursorElementTracker_1625147648061\"><em>\u00a0Et alors ce beau monsieur ajouta&#160;:.<\/em><\/div>\n<div id=\"yiv3576312068yMail_cursorElementTracker_1625147688873\"><em>&#8211; Mais je voudrais savoir, qu&rsquo;est-ce que vous avez de commun avec ce juif&#160;?\u00a0<\/em><\/div>\n<div id=\"yiv3576312068yMail_cursorElementTracker_1625147698088\"><em>-Trois enfants, r\u00e9pondit maman qui termina la danse et revint s&rsquo;asseoir aupr\u00e8s de papa.<\/em><\/div>\n<\/blockquote>\n<\/div>\n<\/div>\n<blockquote><p>&nbsp;<\/p><\/blockquote>\n","protected":false},"excerpt":{"rendered":"<p>\u00c9dition folio poche . Traduit du tch\u00e8que par Barbora Faure. Coucou Athalie, tu m&rsquo;avais bien tent\u00e9e avec ce roman, et je te remercie de me l&rsquo;avoir fait lire. C&rsquo;est une petite merveille ce livre de souvenirs d&rsquo;un enfant tch\u00e8que de p\u00e8re juif et de m\u00e8re chr\u00e9tienne qui conna\u00eet une enfance aim\u00e9e et riche en \u00e9v\u00e8nements <span class=\"ellipsis\">&hellip;<\/span> <span class=\"more-link-wrap\"><a href=\"https:\/\/luocine.fr\/?p=13614\" class=\"more-link\"><span>Read More &rarr;<\/span><\/a><\/span><\/p>\n","protected":false},"author":822092,"featured_media":0,"comment_status":"open","ping_status":"open","sticky":false,"template":"","format":"standard","meta":{"footnotes":""},"categories":[46,106,7,85,232,96,27,4,83,198,234],"tags":[],"class_list":["post-13614","post","type-post","status-publish","format-standard","hentry","category-5-coquillages","category-antisemitisme","category-autobiographie","category-communisme","category-enfance","category-guerre-3945","category-humour","category-mes-preferences","category-nazisme","category-rapport-familaux","category-tchequie"],"_links":{"self":[{"href":"https:\/\/luocine.fr\/index.php?rest_route=\/wp\/v2\/posts\/13614","targetHints":{"allow":["GET"]}}],"collection":[{"href":"https:\/\/luocine.fr\/index.php?rest_route=\/wp\/v2\/posts"}],"about":[{"href":"https:\/\/luocine.fr\/index.php?rest_route=\/wp\/v2\/types\/post"}],"author":[{"embeddable":true,"href":"https:\/\/luocine.fr\/index.php?rest_route=\/wp\/v2\/users\/822092"}],"replies":[{"embeddable":true,"href":"https:\/\/luocine.fr\/index.php?rest_route=%2Fwp%2Fv2%2Fcomments&post=13614"}],"version-history":[{"count":7,"href":"https:\/\/luocine.fr\/index.php?rest_route=\/wp\/v2\/posts\/13614\/revisions"}],"predecessor-version":[{"id":13812,"href":"https:\/\/luocine.fr\/index.php?rest_route=\/wp\/v2\/posts\/13614\/revisions\/13812"}],"wp:attachment":[{"href":"https:\/\/luocine.fr\/index.php?rest_route=%2Fwp%2Fv2%2Fmedia&parent=13614"}],"wp:term":[{"taxonomy":"category","embeddable":true,"href":"https:\/\/luocine.fr\/index.php?rest_route=%2Fwp%2Fv2%2Fcategories&post=13614"},{"taxonomy":"post_tag","embeddable":true,"href":"https:\/\/luocine.fr\/index.php?rest_route=%2Fwp%2Fv2%2Ftags&post=13614"}],"curies":[{"name":"wp","href":"https:\/\/api.w.org\/{rel}","templated":true}]}}