{"id":12244,"date":"2021-06-14T06:53:51","date_gmt":"2021-06-14T04:53:51","guid":{"rendered":"https:\/\/luocine.fr\/?p=12244"},"modified":"2021-03-20T18:43:04","modified_gmt":"2021-03-20T17:43:04","slug":"le-mur-entre-nous-tecia-werbowski","status":"publish","type":"post","link":"https:\/\/luocine.fr\/?p=12244","title":{"rendered":"Le mur entre nous   &#8211; Tecia WERBOWSKI"},"content":{"rendered":"<p><a href=\"https:\/\/luocine.fr\/wp-content\/uploads\/2021\/06\/lemur.jpg\"><img loading=\"lazy\" decoding=\"async\" class=\"alignnone size-full wp-image-12246\" src=\"https:\/\/luocine.fr\/wp-content\/uploads\/2021\/06\/lemur.jpg\" alt=\"\" width=\"1080\" height=\"810\" srcset=\"https:\/\/luocine.fr\/wp-content\/uploads\/2021\/06\/lemur.jpg 1080w, https:\/\/luocine.fr\/wp-content\/uploads\/2021\/06\/lemur-300x225.jpg 300w, https:\/\/luocine.fr\/wp-content\/uploads\/2021\/06\/lemur-1024x768.jpg 1024w, https:\/\/luocine.fr\/wp-content\/uploads\/2021\/06\/lemur-768x576.jpg 768w\" sizes=\"auto, (max-width: 1080px) 100vw, 1080px\" \/><\/a><\/p>\n<p><em>\u00c9dition les allusifs . Traduit du polonais par l&rsquo;auteure relu par Martin Gipet<\/em><\/p>\n<p>&nbsp;<\/p>\n<p><a href=\"https:\/\/luocine.fr\/wp-content\/uploads\/2014\/10\/3.jpg\"><img loading=\"lazy\" decoding=\"async\" class=\"size-full wp-image-724 alignleft\" src=\"https:\/\/luocine.fr\/wp-content\/uploads\/2014\/10\/3.jpg\" alt=\"\" width=\"200\" height=\"58\" \/><\/a>Je dois cette lecture \u00e0 <a href=\"http:\/\/legoutdeslivres.canalblog.com\/archives\/2019\/01\/21\/37026119.html\">Aifelle<\/a> et je suis ravie d&rsquo;avoir d\u00e9couvert cette auteure. On a tir\u00e9 une pi\u00e8ce de th\u00e9\u00e2tre de ce petit livre et je pense que la pi\u00e8ce devait \u00eatre plus passionnante que le livre. J&rsquo;ai trouv\u00e9 le texte trop court et il manque de la profondeur \u00e0 chacun des personnages c&rsquo;est plut\u00f4t un synopsis qu&rsquo;un roman ou qu&rsquo;une nouvelle. Voici donc le sujet&#160;: une femme, enfant cach\u00e9e de la guerre d\u00e9couvre que la meilleure amie de sa m\u00e8re morte \u00e0 Birkenau lui a vol\u00e9 son manuscrit . Elle est devenue riche et c\u00e9l\u00e8bre. L&rsquo;enfant de la femme juive, ne veut qu&rsquo;une chose se venger et elle est compl\u00e8tement habit\u00e9e par cette vengeance. En moins de 60 pages, l&rsquo;auteure donne une id\u00e9e des protagonistes de ce drame qui s&rsquo;avance inexorablement vers une fin tragique , sauf que &#8230; la fin en forme d&rsquo;\u00e9pilogue et de carte postal enl\u00e8ve (maladroitement selon moi&#160;!) le tragique de l&rsquo;histoire.<\/p>\n<h1>Citation<\/h1>\n<h3>\u00c9peler son nom<\/h3>\n<blockquote>\n<div id=\"yiv8258559328yMail_cursorElementTracker_1594642244905\"> <em>Voulez-vous savoir comment je m&rsquo;appelle&#160;? Voil\u00e0 une question pr\u00e9liminaire qui m&rsquo;horripile&#160;! J&rsquo;aimerais vous r\u00e9pondre Marie Smith ou Stanislawa Gorka ou Rachel N\u00e9guev. En faisant un effort, je vous dirai mon vrai nom, Irena Golebiowska. Si vous n&rsquo;\u00eates pas slave, et cependant honn\u00eate et bien intentionn\u00e9, vous allez aussit\u00f4t me demander d&rsquo;\u00e9peler ce nom barbare. Et cela va m&rsquo;irriter. On ne me demandait jamais cela en Pologne. C&rsquo;est \u00e0 des d\u00e9tails comme celui-ci qu&rsquo;on s&rsquo;aper\u00e7oit qu&rsquo;on est en exil. Apr\u00e8s toutes ces ann\u00e9es, de telles requ\u00eates provoquent toujours chez moi une r\u00e9action presque parano\u00efaque.<\/em><\/div>\n<\/blockquote>\n<div>(PS&#160;: pour habiter la France je sais qu&rsquo;il n&rsquo;y a pas besoin d&rsquo;\u00eatre \u00e9tranger pour \u00e9peler son nom les Lozac&rsquo;h bretons en savent quelque chose)<\/div>\n","protected":false},"excerpt":{"rendered":"<p>\u00c9dition les allusifs . Traduit du polonais par l&rsquo;auteure relu par Martin Gipet &nbsp; Je dois cette lecture \u00e0 Aifelle et je suis ravie d&rsquo;avoir d\u00e9couvert cette auteure. On a tir\u00e9 une pi\u00e8ce de th\u00e9\u00e2tre de ce petit livre et je pense que la pi\u00e8ce devait \u00eatre plus passionnante que le livre. J&rsquo;ai trouv\u00e9 le <span class=\"ellipsis\">&hellip;<\/span> <span class=\"more-link-wrap\"><a href=\"https:\/\/luocine.fr\/?p=12244\" class=\"more-link\"><span>Read More &rarr;<\/span><\/a><\/span><\/p>\n","protected":false},"author":822092,"featured_media":0,"comment_status":"open","ping_status":"open","sticky":false,"template":"","format":"standard","meta":{"footnotes":""},"categories":[44,52,49,195,234,251],"tags":[],"class_list":["post-12244","post","type-post","status-publish","format-standard","hentry","category-3-coquillages","category-canada","category-roman","category-shoah","category-tchequie","category-vengeance"],"_links":{"self":[{"href":"https:\/\/luocine.fr\/index.php?rest_route=\/wp\/v2\/posts\/12244","targetHints":{"allow":["GET"]}}],"collection":[{"href":"https:\/\/luocine.fr\/index.php?rest_route=\/wp\/v2\/posts"}],"about":[{"href":"https:\/\/luocine.fr\/index.php?rest_route=\/wp\/v2\/types\/post"}],"author":[{"embeddable":true,"href":"https:\/\/luocine.fr\/index.php?rest_route=\/wp\/v2\/users\/822092"}],"replies":[{"embeddable":true,"href":"https:\/\/luocine.fr\/index.php?rest_route=%2Fwp%2Fv2%2Fcomments&post=12244"}],"version-history":[{"count":3,"href":"https:\/\/luocine.fr\/index.php?rest_route=\/wp\/v2\/posts\/12244\/revisions"}],"predecessor-version":[{"id":13558,"href":"https:\/\/luocine.fr\/index.php?rest_route=\/wp\/v2\/posts\/12244\/revisions\/13558"}],"wp:attachment":[{"href":"https:\/\/luocine.fr\/index.php?rest_route=%2Fwp%2Fv2%2Fmedia&parent=12244"}],"wp:term":[{"taxonomy":"category","embeddable":true,"href":"https:\/\/luocine.fr\/index.php?rest_route=%2Fwp%2Fv2%2Fcategories&post=12244"},{"taxonomy":"post_tag","embeddable":true,"href":"https:\/\/luocine.fr\/index.php?rest_route=%2Fwp%2Fv2%2Ftags&post=12244"}],"curies":[{"name":"wp","href":"https:\/\/api.w.org\/{rel}","templated":true}]}}