{"id":1160,"date":"2009-09-24T14:53:40","date_gmt":"2009-09-24T13:53:40","guid":{"rendered":"http:\/\/luocine.fr\/?p=1160"},"modified":"2014-11-18T16:11:18","modified_gmt":"2014-11-18T15:11:18","slug":"composition-francaise-retour-sur-une-enfance-bretonne-mona-ozouf","status":"publish","type":"post","link":"https:\/\/luocine.fr\/?p=1160","title":{"rendered":"Composition Fran\u00e7aise Retour sur une enfance bretonne &#8211; Mona OZOUF"},"content":{"rendered":"<p><img loading=\"lazy\" decoding=\"async\" class=\"aligncenter\" src=\"http:\/\/www.babelio.com\/couv\/20027_979649.jpeg\" alt=\"\" width=\"169\" height=\"283\" \/><\/p>\n<p><a href=\"http:\/\/luocine.fr\/wp-content\/uploads\/2014\/10\/3.jpg\"><img loading=\"lazy\" decoding=\"async\" class=\"size-full wp-image-724 alignleft\" src=\"http:\/\/luocine.fr\/wp-content\/uploads\/2014\/10\/3.jpg\" alt=\"3\" width=\"200\" height=\"58\" \/><\/a><br \/>\nComme le titre l&rsquo;indique l&rsquo;historienne sp\u00e9cialiste de la r\u00e9volution fran\u00e7aise, Mona Ozouf raconte son enfance bretonne, sa double appartenance&#160;:<\/p>\n<ul>\n<li>\u00e0 la lutte pour la reconnaissance \u00e0 l&rsquo;identit\u00e9 bretonne \u00e0 travers le combat de son p\u00e8re.<\/li>\n<li>\u00e0 l&rsquo;\u00e9cole publique et r\u00e9publicaine par sa m\u00e8re et son propre plaisir d&rsquo;\u00eatre une bonne \u00e9l\u00e8ve.<\/li>\n<\/ul>\n<p>Ces deux premi\u00e8res parties sont tr\u00e8s int\u00e9ressantes et agr\u00e9ables \u00e0 lire. Ensuite elle explique son engagement intellectuel, ses lectures et sa compr\u00e9hension des id\u00e9es politiques qui ont construit la France. La lecture devient alors beaucoup plus difficile, les id\u00e9es sont int\u00e9ressantes mais ce n&rsquo;est plus du tout le m\u00eame livre, on quitte le r\u00e9cit pour un d\u00e9bat d&rsquo;id\u00e9es un peu long et froid.<\/p>\n<h1>Citations<\/h1>\n<blockquote><p><em>L<\/em><em>es hommes<\/em><em>selon lui (Jules Ferry) , doivent \u00eatre laiss\u00e9s libres d&rsquo;errer, car la libert\u00e9, f\u00fbt-elle pay\u00e9e par l&rsquo;erreur, est plus d\u00e9sirable que le bien.<\/em><\/p><\/blockquote>\n<p>&nbsp;<\/p>\n<blockquote><p><em>Jamais sans sa coiffe. L&rsquo;attacher est son premier geste du matin, bien avant l&rsquo;\u00e9veil de la maisonn\u00e9e.<\/em><\/p><\/blockquote>\n<p>&nbsp;<\/p>\n<blockquote><p><em>Son souci constant est la dignit\u00e9 .. sa r\u00e8gle morale essentielle est de ne jamais se mettre dans une situation telle qu&rsquo;on puisse en avoir honte. \u00ab&#160;Gand var vez&#160;\u00bb , \u00ab&#160;avec la honte&#160;\u00bb est l&rsquo;expression qui, pour elle englobe tout ce qu&rsquo;il est inconvenant de faire et m\u00eame de penser.<\/em><\/p><\/blockquote>\n<p>&nbsp;<\/p>\n<blockquote><p><em>Trois p\u00e9lerinages, donc, qui r\u00e9sumaient assez bien les trois lots de croyances avec lesquelles il me fallait vivre&#160;: la foi chr\u00e9tienne de nos anc\u00eatres, la foi bretonne de la maison, la foi de l&rsquo;\u00e9cole dans la raison r\u00e9publicaine.<\/em><\/p><\/blockquote>\n","protected":false},"excerpt":{"rendered":"<p>Comme le titre l&rsquo;indique l&rsquo;historienne sp\u00e9cialiste de la r\u00e9volution fran\u00e7aise, Mona Ozouf raconte son enfance bretonne, sa double appartenance&#160;: \u00e0 la lutte pour la reconnaissance \u00e0 l&rsquo;identit\u00e9 bretonne \u00e0 travers le combat de son p\u00e8re. \u00e0 l&rsquo;\u00e9cole publique et r\u00e9publicaine par sa m\u00e8re et son propre plaisir d&rsquo;\u00eatre une bonne \u00e9l\u00e8ve. Ces deux premi\u00e8res parties <span class=\"ellipsis\">&hellip;<\/span> <span class=\"more-link-wrap\"><a href=\"https:\/\/luocine.fr\/?p=1160\" class=\"more-link\"><span>Read More &rarr;<\/span><\/a><\/span><\/p>\n","protected":false},"author":822092,"featured_media":0,"comment_status":"open","ping_status":"open","sticky":false,"template":"","format":"standard","meta":{"footnotes":""},"categories":[44,7,24],"tags":[],"class_list":["post-1160","post","type-post","status-publish","format-standard","hentry","category-3-coquillages","category-autobiographie","category-france"],"_links":{"self":[{"href":"https:\/\/luocine.fr\/index.php?rest_route=\/wp\/v2\/posts\/1160","targetHints":{"allow":["GET"]}}],"collection":[{"href":"https:\/\/luocine.fr\/index.php?rest_route=\/wp\/v2\/posts"}],"about":[{"href":"https:\/\/luocine.fr\/index.php?rest_route=\/wp\/v2\/types\/post"}],"author":[{"embeddable":true,"href":"https:\/\/luocine.fr\/index.php?rest_route=\/wp\/v2\/users\/822092"}],"replies":[{"embeddable":true,"href":"https:\/\/luocine.fr\/index.php?rest_route=%2Fwp%2Fv2%2Fcomments&post=1160"}],"version-history":[{"count":0,"href":"https:\/\/luocine.fr\/index.php?rest_route=\/wp\/v2\/posts\/1160\/revisions"}],"wp:attachment":[{"href":"https:\/\/luocine.fr\/index.php?rest_route=%2Fwp%2Fv2%2Fmedia&parent=1160"}],"wp:term":[{"taxonomy":"category","embeddable":true,"href":"https:\/\/luocine.fr\/index.php?rest_route=%2Fwp%2Fv2%2Fcategories&post=1160"},{"taxonomy":"post_tag","embeddable":true,"href":"https:\/\/luocine.fr\/index.php?rest_route=%2Fwp%2Fv2%2Ftags&post=1160"}],"curies":[{"name":"wp","href":"https:\/\/api.w.org\/{rel}","templated":true}]}}