{"id":11359,"date":"2020-07-13T06:37:34","date_gmt":"2020-07-13T04:37:34","guid":{"rendered":"http:\/\/luocine.fr\/?p=11359"},"modified":"2020-07-13T07:44:39","modified_gmt":"2020-07-13T05:44:39","slug":"un-bon-allemand","status":"publish","type":"post","link":"https:\/\/luocine.fr\/?p=11359","title":{"rendered":"Un bon Allemand    &#8211; Horst KR\u00dcGER"},"content":{"rendered":"<p><a href=\"http:\/\/luocine.fr\/wp-content\/uploads\/2020\/07\/unbonallemand.jpg\"><img loading=\"lazy\" decoding=\"async\" class=\"alignnone size-full wp-image-11364\" src=\"http:\/\/luocine.fr\/wp-content\/uploads\/2020\/07\/unbonallemand.jpg\" alt=\"\" width=\"1080\" height=\"810\" srcset=\"https:\/\/luocine.fr\/wp-content\/uploads\/2020\/07\/unbonallemand.jpg 1080w, https:\/\/luocine.fr\/wp-content\/uploads\/2020\/07\/unbonallemand-300x225.jpg 300w, https:\/\/luocine.fr\/wp-content\/uploads\/2020\/07\/unbonallemand-1024x768.jpg 1024w, https:\/\/luocine.fr\/wp-content\/uploads\/2020\/07\/unbonallemand-768x576.jpg 768w\" sizes=\"auto, (max-width: 1080px) 100vw, 1080px\" \/><\/a><\/p>\n<p><em>\u00c9dition Acte Sud Babel traduit de l&rsquo;allemand par Pierre Foucher<\/em><\/p>\n<p>la derni\u00e8re phrase du livre sonne tr\u00e8s juste&#160;:<\/p>\n<div id=\"yiv1919034695yMail_cursorElementTracker_1576513273389\"><\/div>\n<blockquote>\n<h4><strong><em>Et je me dis que ce Hitler, nous n&rsquo;en seront jamais <\/em><\/strong><strong style=\"font-size: 16px;\"><em>quittes&#160;: nous y sommes condamn\u00e9s, \u00e0 perp\u00e9tuit\u00e9.<\/em><\/strong><\/h4>\n<\/blockquote>\n<blockquote>\n<div id=\"yiv9889810783yMail_cursorElementTracker_1576566284235\"><\/div>\n<\/blockquote>\n<p><a href=\"http:\/\/luocine.fr\/wp-content\/uploads\/2014\/10\/4.jpg\"><img loading=\"lazy\" decoding=\"async\" class=\"size-full wp-image-725 alignleft\" src=\"http:\/\/luocine.fr\/wp-content\/uploads\/2014\/10\/4.jpg\" alt=\"\" width=\"200\" height=\"58\" \/><\/a>Au mois de novembre 2019, <a href=\"https:\/\/evabouquine.wordpress.com\/2019\/10\/18\/les-feuilles-allemandes-2019\/\">Eva<\/a> a lanc\u00e9 le mois de litt\u00e9rature allemande. Et j&rsquo;y ai d\u00e9couvert deux essais. Le premier, \u00ab&#160;<a href=\"https:\/\/luocine.fr\/?p=11280\">Un Allemand de l&rsquo;Est<\/a>&#160;\u00bb de Maxim Leo, a \u00e9t\u00e9 un coup de c\u0153ur. J&rsquo;ai plus de r\u00e9serves pour celui-ci, dont comme <a href=\"https:\/\/evabouquine.wordpress.com\/2019\/11\/28\/horst-kruger-un-bon-allemand\/\">Patrice<\/a> , je recommande quand m\u00eame la lecture. Il a fallu que j&rsquo;attende le dernier chapitre pour en comprendre toute la port\u00e9e. En f\u00e9vrier 1964, Horst Kr\u00fcger se rend \u00e0 Francfort en tant que journaliste pour couvrir le proc\u00e8s des Allemands qui avaient travaill\u00e9 \u00e0 Auschwitz. Il est sid\u00e9r\u00e9 de d\u00e9couvrir que des hommes qui, pendant la guerre, ont commis les pires atrocit\u00e9s sont redevenus des Allemands ordinaires. Et c&rsquo;est sans doute \u00e0 partir de cette confrontation qu&rsquo;il s&rsquo;est efforc\u00e9 de retrouver qui il \u00e9tait pendant cette p\u00e9riode&#160;: \u00ab&#160;un bon allemand, qui a permis le nazisme sans adh\u00e9rer compl\u00e8tement \u00e0 cette id\u00e9ologie&#160;\u00bb.<\/p>\n<p>La premi\u00e8re partie relate son enfance. Son p\u00e8re est un fonctionnaire qui s&rsquo;\u00e9l\u00e8ve peu \u00e0 peu dans la hi\u00e9rarchie de son minist\u00e8re. L&rsquo;ennuie, la routine, la peur du regard des autres caract\u00e9risent son enfance. On pourrait m\u00eame penser que le nazisme a gagn\u00e9 en Allemagne car c\u2019\u00e9tait un pays o\u00f9 les gens s&rsquo;ennuyaient et n&rsquo;avaient rien d&rsquo;int\u00e9ressant \u00e0 faire. Il d\u00e9crit aussi la domination de la noblesse prussienne qui m\u00e9prise les gens de basses extractions comme son p\u00e8re. Un ami d&rsquo;origine juive et russe donne un peu de piquant \u00e0 sa vie de lyc\u00e9en. Et puis, il raconte aussi l&rsquo;horrible suicide de sa s\u0153ur qui, ayant aval\u00e9 des produits toxiques, mourra \u00e0 petit feu \u00e0 l&rsquo;h\u00f4pital, ses parents n&rsquo;ayant qu&rsquo;un souci maquiller le suicide en mort accidentelle.<\/p>\n<p>La deuxi\u00e8me partie du livre raconte sa guerre et sa prise de conscience si tardive qui le fera quitter le front et se rendre aux troupes alli\u00e9es. On voit alors, ce qui a souvent \u00e9t\u00e9 d\u00e9crit, \u00e0 quel point, jusqu&rsquo;au bout, certains Allemands \u00e9taient fanatis\u00e9s et voulaient se battre \u00e0 tout prix et surtout punir tous ceux qui essayaient de fuir le syst\u00e8me.<\/p>\n<p>Puis enfin cette troisi\u00e8me partie sur ce proc\u00e8s des bourreaux ordinaires qui est vraiment passionnante et sonne tr\u00e8s juste. Rien que pour ce moment il faut lire H\u00f6rst Kr\u00fcger et esp\u00e9rer que jamais un tel r\u00e9gime ne revoie le jour .<\/p>\n<p>&nbsp;<\/p>\n<h1>Citations<\/h1>\n<h3>Le quartier de ses parents<\/h3>\n<blockquote>\n<div id=\"yiv4443708178yMail_cursorElementTracker_1576148152104\"><em>Les journaux parlaient de combats de rues dans le Wedding et de barricades devant la maison des Syndicats&#160;: c&rsquo;\u00e9tait bien loin de nous, comme \u00e0 des si\u00e8cles de distance, de d\u00e9testables et incompr\u00e9hensibles cas de d\u00e9sordre. \u00c0 Eichkamp, j&rsquo;ai appris tr\u00e8s t\u00f4t qu&rsquo;un bon Allemand est toujours apolitique.<\/em><\/div>\n<\/blockquote>\n<div><\/div>\n<div><\/div>\n<div>\n<h3>La cl\u00e9 du livre<\/h3>\n<blockquote>\n<div id=\"yiv5156280140yMail_cursorElementTracker_1576148685396\"><em>Je suis un fils typique de ces Allemands inoffensifs qui n&rsquo;ont jamais \u00e9t\u00e9 nazis mais sans qui jamais les nazis ne seraient parvenus \u00e0 leur fin. Voil\u00e0 tout le probl\u00e8me.<\/em><\/div>\n<\/blockquote>\n<\/div>\n<div><\/div>\n<div>\n<h3>Je ne connaissais pas le mot avers<\/h3>\n<div id=\"yiv0336280472yMail_cursorElementTracker_1576149008753\">\n<blockquote>\n<div id=\"yiv0336280472yMail_cursorElementTracker_1576148956724\"><em>Ivresse et extase sont les mots cl\u00e9s du fascisme, l&rsquo;avers de sa m\u00e9daille, terreur et mort son envers, je crois que les gens d&rsquo;Eickamp aimaient bien, eux aussi, qu&rsquo;on leur procur\u00e2t cette ivresse et cette extase. L\u00e0 \u00e9tait la faille leur site, leur talon d&rsquo;Achille. Subitement on \u00e9tait quelqu&rsquo;un. On vallait mieux, on \u00e9tait d&rsquo;une autre esp\u00e8ce que le reste du monde, on \u00e9tait allemand. Il y avait une grande solennit\u00e9 dans l&rsquo;air, en ce temps-l\u00e0, au-dessus de la terre d&rsquo;Allemagne.<\/em><\/div>\n<\/blockquote>\n<\/div>\n<div><\/div>\n<\/div>\n<div>\n<h3>Humour<\/h3>\n<div id=\"yiv6959568285yMail_cursorElementTracker_1576150638754\">\n<blockquote>\n<div id=\"yiv6959568285yMail_cursorElementTracker_1576149798261\"><em>On ne m&rsquo;a jamais expliqu\u00e9, chez moi, d&rsquo;o\u00f9 viennent les enfants. Mes parents \u00e9taient non seulement a-politiques, mais encore a-\u00e9rotiques et a-sexu\u00e9s. Peut-\u00eatre cela va-t-il de va t-il de pair.<\/em><\/div>\n<\/blockquote>\n<\/div>\n<\/div>\n<div><\/div>\n<div>\n<h3>L&rsquo;\u00e9ducation sexuelle<\/h3>\n<blockquote>\n<div id=\"yiv4798827459yMail_cursorElementTracker_1576150858369\"><em>Un soir, sur ma table de nuit, je trouvais un opuscule. J&rsquo;en fus tr\u00e8s \u00e9tonn\u00e9 car jusqu&rsquo;ici l&rsquo;imprim\u00e9 n&rsquo;avait jou\u00e9 aucun r\u00f4le dans nos rapports. Je compris tout de suite qu&rsquo;il fallait que quelque chose d&rsquo;exceptionnel f\u00fbt en jeu. Je me mis \u00e0 lire&#160;: c&rsquo;\u00e9tait une brochure d&rsquo;informations sexuelles r\u00e9dig\u00e9e avec pr\u00e9caution, onction, bienveillance. Elle commen\u00e7ait par les gramin\u00e9es et les bourdons, elle passait au soleil pour parler ensuite des merveilles de la force divine avant d&rsquo;en arriver, enfin, \u00e0 la force virile et \u00e0 l&rsquo;\u00e9ducation de terrifiant p\u00e9ch\u00e9 mortel de consomption&#160;: \u00e7a nuisait soi-disant, \u00e0 la moelle \u00e9pini\u00e8re. Mais manifestement je ne voyais pas le rapport&#160;: sans doute \u00e9tait-ce un peu trop d\u00e9vot pour moi, \u00e0 cette \u00e9poque-l\u00e0. Ma m\u00e8re, dans son d\u00e9sarroi, avait achet\u00e9 cette brochure catholique chez les Ursulines. Elle ne m&rsquo;en a jamais parl\u00e9, ni moi non plus. D&rsquo;ailleurs, nous n&rsquo;abordions pas ce sujet \u00e0 la maison et si, en ce temps-l\u00e0, la chose ne m&rsquo;avait pas travaill\u00e9 dans mon propre corps, \u00e0 vingt ans j&rsquo;aurais pu croire encore \u00e0 la f\u00e9condit\u00e9 de la sueur de nos bonnes. Voil\u00e0 comment c&rsquo;\u00e9tait chez nous. La maison du petit-bourgeois allemand boute hors ses murs non seulement l&rsquo;\u00c9tat, mais encore l&rsquo;amour. Question &#8211; d&rsquo;ordre purement sociologie&#160;: que reste-t-il alors, pour vivre, sans politique et sans sexualit\u00e9&#160;?<\/em><\/div>\n<\/blockquote>\n<\/div>\n<div><\/div>\n<h3>Enfin un r\u00e9veil<\/h3>\n<div>\n<blockquote>\n<div id=\"yiv4662546085yMail_cursorElementTracker_1576500335862\"><em>Je ne veux plus \u00eatre allemand. Je veux quitter ce peuple. Je passe en face.<\/em><\/div>\n<div id=\"yiv4662546085yMail_cursorElementTracker_1576500399416\"><em>Je sais, il n&rsquo;y a pas il n&rsquo;y a pas de quoi se vanter&#160;: il est moins cinq et le Reich est en train de se disloquer comme une vieille armoire. Il n&rsquo;aura tenu que soixante-dix ans. Il y a belle lurette qu&rsquo;\u00e0 Yalta on se l&rsquo;est partag\u00e9. Depuis des semaines, \u00e0 Berlin, les puissants du r\u00e9gime ont sur eux les petites ampoules qu&rsquo;ils croqueront quand ils auront touch\u00e9 au terme de leur cavalcade infernale \u00e0 travers l&rsquo;Histoire&#160;: encore quatre semaines.<\/em><\/div>\n<\/blockquote>\n<div id=\"yiv4662546085yMail_cursorElementTracker_1576500681109\"><\/div>\n<div id=\"yiv4662546085yMail_cursorElementTracker_1576500681262\"><\/div>\n<\/div>\n<div><\/div>\n<div>\n<h3>Prisonnier<\/h3>\n<blockquote>\n<div id=\"yiv2119911769yMail_cursorElementTracker_1576500716881\"><em>Commen\u00e7a alors la merveilleuse et inconcevable libert\u00e9 de l&rsquo;\u00e9tat de prisonnier, commen\u00e7a une p\u00e9riode de souffrance riche d&rsquo;espoir. D\u00e9sormais je ne vivais plus qu&rsquo;au sein de masses, de foules fatigu\u00e9es, h\u00e9b\u00e9t\u00e9es, affam\u00e9es, qu&rsquo;on poussait de camp en camp, de cage en cage, et pourtant, au milieu de cette grande arm\u00e9e gris\u00e2tre de prisonniers, pour la premi\u00e8re fois depuis longtemps, je reprenais vie. J&rsquo;avais le sentiment que les temps \u00e0 venir seraient les miens, que j&rsquo;\u00e9tais en train de me r\u00e9veiller, de revenir \u00e0 moi. Hitler vainqueur, jamais ce n&rsquo;aurait \u00e9t\u00e9 possible. Maintenant, nous touchons ce fond est riche d&rsquo;espoir, d&rsquo;avenir, de chance qui s&rsquo;offrent. Je vais mal mais je sais que maintenant j&rsquo;ai des chances d&rsquo;aller mieux. \u00c7a ira mieux. Pour la premi\u00e8re fois de ma vie, je faisais l&rsquo;exp\u00e9rience de l&rsquo;avenir&#160;: l&rsquo;avenir, c&rsquo;est l&rsquo;espoir que demain sera meilleur qu&rsquo;aujourd&rsquo;hui. L&rsquo;avenir&#160;: jamais, sous Hitler, je n&rsquo;aurais su ce que c&rsquo;\u00e9tait.<\/em><\/div>\n<\/blockquote>\n<\/div>\n<div><\/div>\n<div>\n<h3>Auschwitz<\/h3>\n<blockquote>\n<div id=\"yiv3043843797yMail_cursorElementTracker_1576503987298\"><em>On dit qu&rsquo;\u00e0 notre \u00e9poque de lumi\u00e8re il n&rsquo;y aurait plus de mythe mais chaque fois que j&rsquo;entends ce nom d&rsquo;Auschwitz, j&rsquo;ai la sensation que m&rsquo;effleure un cryptogramme mythique de la mort en notre temps&#160;: danse macabre \u00e0 l&rsquo;\u00e8re industrielle. C&rsquo;est ici, \u00e0 Auschwitz, qu&rsquo;a pris naissance ce mythe nouveau de la mort bureaucratis\u00e9e. L&rsquo;histoire n&rsquo;accouche-t-elle pas de temps en temps de mythes nouveaux&#160;? Est-ce qu&rsquo;Auschwitz, ce n&rsquo;est pas tr\u00e8s exactement la vision de Rosenberg&#160;: le mythe du 20e si\u00e8cle<\/em><\/div>\n<\/blockquote>\n<\/div>\n<div><\/div>\n<div><\/div>\n<div>\n<h3>Des hommes ordinaires<\/h3>\n<blockquote>\n<div id=\"yiv6677543171yMail_cursorElementTracker_1576507712077\"><em>Mais je r\u00e9alise alors que ces bons p\u00e9p\u00e9s ne sont pas des assassins ordinaires, des gens qui tuent dans un coup de folie, par d\u00e9pit amoureux, par plaisir ou d\u00e9sespoir. Tout \u00e7a, c&rsquo;est humain, \u00e7a existe. Les gens qui sont ici, ce sont les assassins moderne, d&rsquo;une esp\u00e8ce jusqu&rsquo;alors inconnue, les bureaucrates et les ronds-de-cuir de la mort de masse, les comptables et les scribouillards de cette machinerie, ceux qui appuient sur les boutons. Techniciens op\u00e9rant sans haine ni sentiment, petit rond de cuir du grand Reich r\u00eav\u00e9 par Eichmann, assassins en col blanc. Ici se manifeste une criminalit\u00e9 d&rsquo;un genre nouveau ou la mort est acte bureaucratique et o\u00f9 les assassins sont de sympathiques fonctionnaires agissant en toute correction.<\/em><\/div>\n<\/blockquote>\n<\/div>\n","protected":false},"excerpt":{"rendered":"<p>\u00c9dition Acte Sud Babel traduit de l&rsquo;allemand par Pierre Foucher la derni\u00e8re phrase du livre sonne tr\u00e8s juste&#160;: Et je me dis que ce Hitler, nous n&rsquo;en seront jamais quittes&#160;: nous y sommes condamn\u00e9s, \u00e0 perp\u00e9tuit\u00e9. Au mois de novembre 2019, Eva a lanc\u00e9 le mois de litt\u00e9rature allemande. Et j&rsquo;y ai d\u00e9couvert deux essais. <span class=\"ellipsis\">&hellip;<\/span> <span class=\"more-link-wrap\"><a href=\"https:\/\/luocine.fr\/?p=11359\" class=\"more-link\"><span>Read More &rarr;<\/span><\/a><\/span><\/p>\n","protected":false},"author":822092,"featured_media":0,"comment_status":"open","ping_status":"open","sticky":false,"template":"","format":"standard","meta":{"footnotes":""},"categories":[45,50,106,8,171,223],"tags":[],"class_list":["post-11359","post","type-post","status-publish","format-standard","hentry","category-4-coquillages","category-allemagne","category-antisemitisme","category-essai","category-rapports-parents-enfants","category-suicide"],"_links":{"self":[{"href":"https:\/\/luocine.fr\/index.php?rest_route=\/wp\/v2\/posts\/11359","targetHints":{"allow":["GET"]}}],"collection":[{"href":"https:\/\/luocine.fr\/index.php?rest_route=\/wp\/v2\/posts"}],"about":[{"href":"https:\/\/luocine.fr\/index.php?rest_route=\/wp\/v2\/types\/post"}],"author":[{"embeddable":true,"href":"https:\/\/luocine.fr\/index.php?rest_route=\/wp\/v2\/users\/822092"}],"replies":[{"embeddable":true,"href":"https:\/\/luocine.fr\/index.php?rest_route=%2Fwp%2Fv2%2Fcomments&post=11359"}],"version-history":[{"count":0,"href":"https:\/\/luocine.fr\/index.php?rest_route=\/wp\/v2\/posts\/11359\/revisions"}],"wp:attachment":[{"href":"https:\/\/luocine.fr\/index.php?rest_route=%2Fwp%2Fv2%2Fmedia&parent=11359"}],"wp:term":[{"taxonomy":"category","embeddable":true,"href":"https:\/\/luocine.fr\/index.php?rest_route=%2Fwp%2Fv2%2Fcategories&post=11359"},{"taxonomy":"post_tag","embeddable":true,"href":"https:\/\/luocine.fr\/index.php?rest_route=%2Fwp%2Fv2%2Ftags&post=11359"}],"curies":[{"name":"wp","href":"https:\/\/api.w.org\/{rel}","templated":true}]}}