{"id":11179,"date":"2020-05-04T06:21:33","date_gmt":"2020-05-04T04:21:33","guid":{"rendered":"http:\/\/luocine.fr\/?p=11179"},"modified":"2020-04-10T13:00:09","modified_gmt":"2020-04-10T11:00:09","slug":"avant-que-joublie-anne-pauly","status":"publish","type":"post","link":"https:\/\/luocine.fr\/?p=11179","title":{"rendered":"Avant que j&rsquo;oublie    -Anne PAULY"},"content":{"rendered":"<p><a href=\"http:\/\/luocine.fr\/wp-content\/uploads\/2020\/05\/oublie.jpg\"><img loading=\"lazy\" decoding=\"async\" class=\"alignnone size-full wp-image-11183\" src=\"http:\/\/luocine.fr\/wp-content\/uploads\/2020\/05\/oublie.jpg\" alt=\"\" width=\"1080\" height=\"810\" srcset=\"https:\/\/luocine.fr\/wp-content\/uploads\/2020\/05\/oublie.jpg 1080w, https:\/\/luocine.fr\/wp-content\/uploads\/2020\/05\/oublie-300x225.jpg 300w, https:\/\/luocine.fr\/wp-content\/uploads\/2020\/05\/oublie-768x576.jpg 768w, https:\/\/luocine.fr\/wp-content\/uploads\/2020\/05\/oublie-1024x768.jpg 1024w\" sizes=\"auto, (max-width: 1080px) 100vw, 1080px\" \/><\/a><\/p>\n<p><em>\u00c9dition Verdier<\/em><\/p>\n<p><em>Lu dans le cadre du club de lecture de\u00a0<a href=\"https:\/\/www.lourse.fr\/\">la m\u00e9diath\u00e8que de Dinard<\/a><\/em><\/p>\n<blockquote><p>&nbsp;<\/p><\/blockquote>\n<p><a href=\"http:\/\/luocine.fr\/wp-content\/uploads\/2014\/10\/3.jpg\"><img loading=\"lazy\" decoding=\"async\" class=\"size-full wp-image-724 alignleft\" src=\"http:\/\/luocine.fr\/wp-content\/uploads\/2014\/10\/3.jpg\" alt=\"\" width=\"200\" height=\"58\" \/><\/a><\/p>\n<p>Anne Pauly perd son p\u00e8re \u00e9prouve le besoin de le raconter et d&rsquo;en faire un livre. Elle se rapproche de celui qui n&rsquo;a pas \u00e9t\u00e9 un homme facile. Si, dans le voisinage et dans la famille, le monde a de bons souvenirs de sa m\u00e8re tr\u00e8s pieuse et cherchant \u00e0 faire le bien autour d&rsquo;elle son p\u00e8re alcoolique et tr\u00e8s violent dans ses propos n&rsquo;est pas tr\u00e8s attirant. Il laisse une maison qui est v\u00e9ritable Capharna\u00fcm dans lequel l&rsquo;auteure se perd . Elle comprend que ce p\u00e8re qui lui manque tant est un \u00eatre \u00e0 plusieurs facettes. Elle raconte la violence du deuil et combien il est difficile de g\u00e9rer l&rsquo;absence. Elle \u00e9crit bien et, si le sujet vous touche, vous pourrez avoir de l&rsquo;int\u00e9r\u00eat \u00e0 lire ce r\u00e9cit. J&rsquo;avoue ne pas trop comprendre l&rsquo;utilit\u00e9 de tels livres m\u00eame si, parfois, au d\u00e9tour d&rsquo;une phrase ou d&rsquo;une r\u00e9v\u00e9lation, je peux \u00eatre tr\u00e8s \u00e9mue.<\/p>\n<p>&nbsp;<\/p>\n<p>&nbsp;<\/p>\n<h1>Citations<\/h1>\n<h3>Charmante famille<\/h3>\n<blockquote>\n<div id=\"yiv7481187117yMail_cursorElementTracker_1573629191911\"><em>Je revoyais papa couteau \u00e0 la main, immense et ivre mort, courir apr\u00e8s maman autour de la table en \u00e9ructant, Lepelleux, arr\u00eate de p\u00e9ter dans la soie et occupe-toi de ton m\u00e9nage plut\u00f4t que de sauter au cou du cur\u00e9. C&rsquo;est ind\u00e9niable&#160;: bourr\u00e9, il avait vraiment le sens de la formule, m\u00eame si, dans la r\u00e9alit\u00e9, personne ne portait de culotte de soie ni ne sautait au cou du cur\u00e9. Prodigue et ample, ma m\u00e8re, tardive dame patronnesse en jupe-culotte denim, c&rsquo;\u00e9tait, il est vrai, investi dans les activit\u00e9s de paroisse, qui au fond ne lui ressemblait gu\u00e8re, pour \u00e9chapper \u00e0 ses exc\u00e8s \u00e0 lui d&rsquo;alcool, de col\u00e8re et de jalousie.<\/em><\/div>\n<\/blockquote>\n<div><\/div>\n<div>\n<h3>Alcoolisme<\/h3>\n<blockquote>\n<p id=\"yiv8657358607yMail_cursorElementTracker_1573629818327\">Au fond, on ne sait jamais vraiment si quelqu&rsquo;un boit pour \u00e9chouer ou \u00e9choue parce qu&rsquo;il boit.<\/p>\n<\/blockquote>\n<\/div>\n<div><\/div>\n<div>\n<h3>Le pouvoir des chansons<\/h3>\n<blockquote>\n<div id=\"yiv8359188989yMail_cursorElementTracker_1573643444112\">E<em>t puis l\u00e0, sans pr\u00e9venir, le refrain m&rsquo;a saut\u00e9 \u00e0 la figure comme un animal enrag\u00e9&#160;: \u00ab&#160;Mais avant tout, je voudrais parler \u00e0 mon p\u00e8re.&#160;\u00bb Dans mon c\u0153ur, \u00e7a a fait comme une d\u00e9flagration et je me suis mise \u00e0 sangloter sans pouvoir m&rsquo;arr\u00eater. F\u00e9licie est remont\u00e9e en voiture juste apr\u00e8s, effar\u00e9e, se demandant ce qui avait bien pu se passer entre le moment o\u00f9 elle \u00e9tait parti payer et le moment o\u00f9 elle \u00e9tait revenue. Comme je n&rsquo;arrivais pas \u00e0 lui r\u00e9pondre, elle a red\u00e9marr\u00e9 toutes fen\u00eatres ouvertes dans le vent du soir et c&rsquo;est en entendant le reste de la chanson qu&rsquo;elle a fini par comprendre. Mes toutes derni\u00e8res larmes sont sorties ce jour-l\u00e0. J&rsquo;avais enfin accept\u00e9. Si on m&rsquo;avait dit que C\u00e9line Dion m&rsquo;aiderait un jour dans ma vie \u00e0 passer ce style de cap, je ne l&rsquo;aurais pas cru. La catharsis par la pop-check.<\/em><\/div>\n<\/blockquote>\n<div>(Je me suis retrouv\u00e9e en pleurs en entendant Serge R\u00e9ggiani chanter \u00ab&#160;<a href=\"https:\/\/www.youtube.com\/watch?v=c7xUvYADeR4\">ma libert\u00e9<\/a>&#160;\u00bb dans des circonstances analogues.)<\/div>\n<\/div>\n<div><\/div>\n<p>&nbsp;<\/p>\n<blockquote><p>&nbsp;<\/p><\/blockquote>\n","protected":false},"excerpt":{"rendered":"<p>\u00c9dition Verdier Lu dans le cadre du club de lecture de\u00a0la m\u00e9diath\u00e8que de Dinard &nbsp; Anne Pauly perd son p\u00e8re \u00e9prouve le besoin de le raconter et d&rsquo;en faire un livre. Elle se rapproche de celui qui n&rsquo;a pas \u00e9t\u00e9 un homme facile. Si, dans le voisinage et dans la famille, le monde a de <span class=\"ellipsis\">&hellip;<\/span> <span class=\"more-link-wrap\"><a href=\"https:\/\/luocine.fr\/?p=11179\" class=\"more-link\"><span>Read More &rarr;<\/span><\/a><\/span><\/p>\n","protected":false},"author":822092,"featured_media":0,"comment_status":"open","ping_status":"open","sticky":false,"template":"","format":"standard","meta":{"footnotes":""},"categories":[44,133,7,222,24,122,198,188,49],"tags":[],"class_list":["post-11179","post","type-post","status-publish","format-standard","hentry","category-3-coquillages","category-amour-et-couple","category-autobiographie","category-autofiction","category-france","category-mort","category-rapport-familaux","category-religion","category-roman"],"_links":{"self":[{"href":"https:\/\/luocine.fr\/index.php?rest_route=\/wp\/v2\/posts\/11179","targetHints":{"allow":["GET"]}}],"collection":[{"href":"https:\/\/luocine.fr\/index.php?rest_route=\/wp\/v2\/posts"}],"about":[{"href":"https:\/\/luocine.fr\/index.php?rest_route=\/wp\/v2\/types\/post"}],"author":[{"embeddable":true,"href":"https:\/\/luocine.fr\/index.php?rest_route=\/wp\/v2\/users\/822092"}],"replies":[{"embeddable":true,"href":"https:\/\/luocine.fr\/index.php?rest_route=%2Fwp%2Fv2%2Fcomments&post=11179"}],"version-history":[{"count":0,"href":"https:\/\/luocine.fr\/index.php?rest_route=\/wp\/v2\/posts\/11179\/revisions"}],"wp:attachment":[{"href":"https:\/\/luocine.fr\/index.php?rest_route=%2Fwp%2Fv2%2Fmedia&parent=11179"}],"wp:term":[{"taxonomy":"category","embeddable":true,"href":"https:\/\/luocine.fr\/index.php?rest_route=%2Fwp%2Fv2%2Fcategories&post=11179"},{"taxonomy":"post_tag","embeddable":true,"href":"https:\/\/luocine.fr\/index.php?rest_route=%2Fwp%2Fv2%2Ftags&post=11179"}],"curies":[{"name":"wp","href":"https:\/\/api.w.org\/{rel}","templated":true}]}}