{"id":11053,"date":"2020-02-17T06:55:07","date_gmt":"2020-02-17T05:55:07","guid":{"rendered":"http:\/\/luocine.fr\/?p=11053"},"modified":"2020-02-21T12:40:03","modified_gmt":"2020-02-21T11:40:03","slug":"les-solidarites-mysterieuses-pascal-quignard","status":"publish","type":"post","link":"https:\/\/luocine.fr\/?p=11053","title":{"rendered":"Les solidarit\u00e9s myst\u00e9rieuses &#8211; Pascal QUIGNARD"},"content":{"rendered":"<p><a href=\"http:\/\/luocine.fr\/wp-content\/uploads\/2019\/10\/les-solidarit\u00e9s.jpg\"><img loading=\"lazy\" decoding=\"async\" class=\"alignnone size-full wp-image-11054\" src=\"http:\/\/luocine.fr\/wp-content\/uploads\/2019\/10\/les-solidarit\u00e9s.jpg\" alt=\"\" width=\"1080\" height=\"810\" srcset=\"https:\/\/luocine.fr\/wp-content\/uploads\/2019\/10\/les-solidarit\u00e9s.jpg 1080w, https:\/\/luocine.fr\/wp-content\/uploads\/2019\/10\/les-solidarit\u00e9s-300x225.jpg 300w, https:\/\/luocine.fr\/wp-content\/uploads\/2019\/10\/les-solidarit\u00e9s-768x576.jpg 768w, https:\/\/luocine.fr\/wp-content\/uploads\/2019\/10\/les-solidarit\u00e9s-1024x768.jpg 1024w\" sizes=\"auto, (max-width: 1080px) 100vw, 1080px\" \/><\/a><\/p>\n<p><em>Lu dans le cadre du club de lecture de\u00a0<a href=\"http:\/\/www.lourse.fr\/\">la m\u00e9diath\u00e8que de Dinard.<\/a><\/em><\/p>\n<p><em>\u00c9dition Gallimard NRF<\/em><\/p>\n<p><a href=\"http:\/\/luocine.fr\/wp-content\/uploads\/2014\/10\/1.jpg\"><img loading=\"lazy\" decoding=\"async\" class=\"size-full wp-image-722 alignleft\" src=\"http:\/\/luocine.fr\/wp-content\/uploads\/2014\/10\/1.jpg\" alt=\"\" width=\"200\" height=\"58\" \/><\/a>Quand j&rsquo;ai lu ce livre, je me suis demand\u00e9 ce qui se serait pass\u00e9 si ce manuscrit avait \u00e9t\u00e9 propos\u00e9 par un illustre inconnu \u00e0 la c\u00e9l\u00e8bre maison NRF Gallimard. Je ne peux pas pr\u00e9juger de leur r\u00e9ponse mais je gage quand m\u00eame que le nom Pascal Quignard a beaucoup contribu\u00e9 \u00e0 l&rsquo;\u00e9dition de ce roman. J&rsquo;ai regard\u00e9 les commentaires sur <a href=\"https:\/\/www.babelio.com\/livres\/Quignard-Les-solidarites-mysterieuses\/281111\">Babelio<\/a> et l\u00e0 mon \u00e9tonnement a \u00e9t\u00e9 encore plus fort, car m\u00eame si certains lecteurs avaient des r\u00e9serves sur le r\u00e9cit tous reconnaissaient une description attachante de la Bretagne. Alors que pour moi c&rsquo;est, sans doute, le point le plus faible de ce roman&#160;: j&rsquo;habite \u00e0 Saint-\u00c9nogat dont il est beaucoup question dans ce livre et y trouver un quelconque charme de landes sauvages, il faut \u00eatre dans le romanesque le plus pur. Dinard et toute la c\u00f4te jusqu\u2019\u00e0 saint Cast Guildo sont urbanis\u00e9s depuis le 19\u00b0 si\u00e8cle et ne retrouve un aspect sauvage que vers le cap-Fr\u00e9hel. Quant \u00e0 Dinard son charme vient des villas construites par de riches anglais avant la guerre 14\/18. Ce n&rsquo;est pas grave&#160;: \u00e9videmment le romancier a le droit d&rsquo;inventer une lande, des fermes l\u00e0 o\u00f9 il n&rsquo;y a et depuis si longtemps que du secondaire, mais c&rsquo;est bizarre de lire des critiques o\u00f9 des lecteurs y ont retrouv\u00e9 l&rsquo;\u00e2me bretonne. Dinard est en plein pays gallo et on y a peu, sinon jamais, parl\u00e9 breton. Bref, je n&rsquo;aurais jamais choisi ce cadre pour imaginer cette histoire d&rsquo;amour si forte que chacun va en mourir. Autre point qui m&rsquo;a d\u00e9plu&#160;: \u00e0 aucun moment je n&rsquo;ai pu croire \u00e0 ces personnages , pas plus qu&rsquo;aux diff\u00e9rentes p\u00e9rip\u00e9ties du roman. Je d\u00e9teste quand tout s&rsquo;arrange gr\u00e2ce \u00e0 un h\u00e9ritage miraculeux, ici une adoption qui rend le personnage \u00e0 l&rsquo;abri des contingences mat\u00e9rielles. Ce sont justement ces contingences qui m&rsquo;int\u00e9ressent. Bref je ne peux que vous recommander de fuir ce roman et surtout de la pas venir \u00e0 Saint-\u00c9nogat sur la foi de ce livre, il n&rsquo;y a pas de landes, il n&rsquo;y a rien de sauvage sauf la mer par grand vent&#160;; Mais c&rsquo;est quand m\u00eame tr\u00e8s joli comme le montre cette photo prise en plein hiver (Cherchez la lande&#160;!)<\/p>\n<p>Je dois \u00e0 la v\u00e9rit\u00e9 de dire qu&rsquo;un lecteur du club (et oui il y a un homme parmi nous&#160;!) et plusieurs lectrices ont fait de ce livre un chef d&rsquo;oeuvre et, j&rsquo;ai m\u00eame entendu que cet auteur \u00e9tait certainement le plus grand \u00e9crivain de sa g\u00e9n\u00e9ration&#160;! Je suis visiblement pass\u00e9e \u00e0 c\u00f4t\u00e9 de ce chef d&rsquo;oeuvre.<\/p>\n<p style=\"text-align: center;\"><a href=\"http:\/\/luocine.fr\/wp-content\/uploads\/2019\/10\/plage.jpg\"><img loading=\"lazy\" decoding=\"async\" class=\"alignnone size-full wp-image-11055\" src=\"http:\/\/luocine.fr\/wp-content\/uploads\/2019\/10\/plage.jpg\" alt=\"\" width=\"1080\" height=\"810\" srcset=\"https:\/\/luocine.fr\/wp-content\/uploads\/2019\/10\/plage.jpg 1080w, https:\/\/luocine.fr\/wp-content\/uploads\/2019\/10\/plage-300x225.jpg 300w, https:\/\/luocine.fr\/wp-content\/uploads\/2019\/10\/plage-768x576.jpg 768w, https:\/\/luocine.fr\/wp-content\/uploads\/2019\/10\/plage-1024x768.jpg 1024w\" sizes=\"auto, (max-width: 1080px) 100vw, 1080px\" \/><\/a><\/p>\n<h1>Citations<\/h1>\n<h3>Pour vous donner une id\u00e9e du style<\/h3>\n<blockquote><p><em>Fabienne marche dans les mottes de terre, \u00e0 l&rsquo;int\u00e9rieur du champ. Claire marche le long des buissons \u00e9pineux. No\u00eblle pr\u00e9f\u00e8re la chauss\u00e9e goudronn\u00e9e de la route, les pieds au sec, elle porte le sac en papier rempli des sandwichs acheter \u00e0 la boulangerie de la place Jules Verne.\u00a0<\/em><\/p>\n<div id=\"yiv9730875817yMail_cursorElementTracker_1571168471111\"><em>\u00c9velyne, au-dessus d&rsquo;elle, sautant de roche en roche, porte dans son sac \u00e0 dos des boissons.<\/em><\/div>\n<div id=\"yiv9730875817yMail_cursorElementTracker_1571168486439\"><em>\u00a0On voit les petits goulots des bouteilles surgir au-dessus des \u00e9paules d&rsquo;Evelyne.\u00a0<\/em><\/div>\n<div id=\"yiv9730875817yMail_cursorElementTracker_1571168507341\"><em>Toutes les quatre traversent la lande situ\u00e9e au-dessus de Saint-\u00c9nogat. C&rsquo;est une promenade interminable.\u00a0<\/em><\/div>\n<div id=\"yiv9730875817yMail_cursorElementTracker_1571168562461\"><em>Il n&rsquo;y a personne.\u00a0<\/em><\/div>\n<div id=\"yiv9730875817yMail_cursorElementTracker_1571168564896\"><em>En semaine les sentiers sont vides.<\/em><\/div>\n<\/blockquote>\n<div><\/div>\n<h3>Remarque qui m&rsquo;a sembl\u00e9 juste<\/h3>\n<div><\/div>\n<div>\n<blockquote><p><em>Dans les \u00e9glises, \u00e0 chaque Office, avant de commencer, je l\u00e8ve les yeux, je contemple des gens que je ne vois jamais faire leurs courses ni au march\u00e9 ni sur le port.<\/em><\/p>\n<div id=\"yiv0809488420yMail_cursorElementTracker_1571195282161\"><em>C&rsquo;est toujours un myst\u00e8re.<\/em><\/div>\n<div id=\"yiv0809488420yMail_cursorElementTracker_1571195288034\"><em>\u00a0Des gens, qu&rsquo;on ne voit nulle part, s&rsquo;assemble dans les \u00e9glises.<\/em><\/div>\n<\/blockquote>\n<\/div>\n","protected":false},"excerpt":{"rendered":"<p>Lu dans le cadre du club de lecture de\u00a0la m\u00e9diath\u00e8que de Dinard. \u00c9dition Gallimard NRF Quand j&rsquo;ai lu ce livre, je me suis demand\u00e9 ce qui se serait pass\u00e9 si ce manuscrit avait \u00e9t\u00e9 propos\u00e9 par un illustre inconnu \u00e0 la c\u00e9l\u00e8bre maison NRF Gallimard. Je ne peux pas pr\u00e9juger de leur r\u00e9ponse mais je <span class=\"ellipsis\">&hellip;<\/span> <span class=\"more-link-wrap\"><a href=\"https:\/\/luocine.fr\/?p=11053\" class=\"more-link\"><span>Read More &rarr;<\/span><\/a><\/span><\/p>\n","protected":false},"author":822092,"featured_media":0,"comment_status":"open","ping_status":"open","sticky":false,"template":"","format":"standard","meta":{"footnotes":""},"categories":[42,133,218,24,49],"tags":[],"class_list":["post-11053","post","type-post","status-publish","format-standard","hentry","category-1-coquillage","category-amour-et-couple","category-dinard","category-france","category-roman"],"_links":{"self":[{"href":"https:\/\/luocine.fr\/index.php?rest_route=\/wp\/v2\/posts\/11053","targetHints":{"allow":["GET"]}}],"collection":[{"href":"https:\/\/luocine.fr\/index.php?rest_route=\/wp\/v2\/posts"}],"about":[{"href":"https:\/\/luocine.fr\/index.php?rest_route=\/wp\/v2\/types\/post"}],"author":[{"embeddable":true,"href":"https:\/\/luocine.fr\/index.php?rest_route=\/wp\/v2\/users\/822092"}],"replies":[{"embeddable":true,"href":"https:\/\/luocine.fr\/index.php?rest_route=%2Fwp%2Fv2%2Fcomments&post=11053"}],"version-history":[{"count":0,"href":"https:\/\/luocine.fr\/index.php?rest_route=\/wp\/v2\/posts\/11053\/revisions"}],"wp:attachment":[{"href":"https:\/\/luocine.fr\/index.php?rest_route=%2Fwp%2Fv2%2Fmedia&parent=11053"}],"wp:term":[{"taxonomy":"category","embeddable":true,"href":"https:\/\/luocine.fr\/index.php?rest_route=%2Fwp%2Fv2%2Fcategories&post=11053"},{"taxonomy":"post_tag","embeddable":true,"href":"https:\/\/luocine.fr\/index.php?rest_route=%2Fwp%2Fv2%2Ftags&post=11053"}],"curies":[{"name":"wp","href":"https:\/\/api.w.org\/{rel}","templated":true}]}}