{"id":10349,"date":"2019-04-29T06:45:15","date_gmt":"2019-04-29T04:45:15","guid":{"rendered":"http:\/\/luocine.fr\/?p=10349"},"modified":"2019-05-05T10:50:14","modified_gmt":"2019-05-05T08:50:14","slug":"lattentat-harry-muslich","status":"publish","type":"post","link":"https:\/\/luocine.fr\/?p=10349","title":{"rendered":"L&rsquo;attentat     &#8211; Harry MULISCH"},"content":{"rendered":"<p><a href=\"http:\/\/luocine.fr\/wp-content\/uploads\/2019\/04\/attentat.jpg\"><img loading=\"lazy\" decoding=\"async\" class=\"alignnone size-full wp-image-10351\" src=\"http:\/\/luocine.fr\/wp-content\/uploads\/2019\/04\/attentat.jpg\" alt=\"\" width=\"1080\" height=\"810\" srcset=\"https:\/\/luocine.fr\/wp-content\/uploads\/2019\/04\/attentat.jpg 1080w, https:\/\/luocine.fr\/wp-content\/uploads\/2019\/04\/attentat-300x225.jpg 300w, https:\/\/luocine.fr\/wp-content\/uploads\/2019\/04\/attentat-768x576.jpg 768w, https:\/\/luocine.fr\/wp-content\/uploads\/2019\/04\/attentat-1024x768.jpg 1024w\" sizes=\"auto, (max-width: 1080px) 100vw, 1080px\" \/><\/a><\/p>\n<p><em>Traduit du N\u00e9erlandais par Philippe Noble<\/em><\/p>\n<p>&nbsp;<\/p>\n<p><a href=\"http:\/\/luocine.fr\/wp-content\/uploads\/2014\/10\/5.jpg\"><img loading=\"lazy\" decoding=\"async\" class=\"size-full wp-image-726 alignleft\" src=\"http:\/\/luocine.fr\/wp-content\/uploads\/2014\/10\/5.jpg\" alt=\"\" width=\"200\" height=\"58\" \/><\/a>Cette partie de petits chevaux ne sera jamais termin\u00e9e puisque ce soir de janvier en 1945, \u00e0 Haarlem en Hollande, la famille Steenwick entendra six coups de feu dans leur rue. La famille voit alors avec horreur que leurs voisins d\u00e9placent un cadavre au seuil de leur porte. C&rsquo;est celui de Ploeg un milicien de la pire esp\u00e8ce qui vient d&rsquo;\u00eatre abattu par la r\u00e9sistance. Peter Steenwick un jeune adolescent sort de chez lui sans r\u00e9fl\u00e9chir et tout s&rsquo;encha\u00eene tr\u00e8s vite. Les Allemands r\u00e9agissent avec la violence coutumi\u00e8re des Nazis, exacerb\u00e9e par l&rsquo;imminence de la d\u00e9faite, ils embarquent tout le monde et incendient la maison. Anton \u00e2g\u00e9 de 12 ans survivra \u00e0 ce drame affreux . Apr\u00e8s une nuit au poste de police dans une cellule qu&rsquo;il partage avec une femme dont il ne voit pas le visage mais qui lui apportera un peu de douceur, il sera confi\u00e9 \u00e0 son oncle et sa tante \u00e0 Amsterdam et comprendra tr\u00e8s vite que toute sa famille a \u00e9t\u00e9 fusill\u00e9e. C&rsquo;est la premi\u00e8re partie du roman, que <a href=\"https:\/\/evabouquine.wordpress.com\/2019\/01\/30\/harry-mulisch-lattentat\/\">Patrice<\/a> et <a href=\"https:\/\/deslivresetdesfilms.com\/2019\/01\/30\/lattentat-de-harry-mulisch\/\">Goran<\/a> m&rsquo;ont donn\u00e9 envie de d\u00e9couvrir. Un grand merci car je ne suis pas pr\u00eate d&rsquo;oublier ce livre.<\/p>\n<p>Anton devient m\u00e9decin anesth\u00e9siste et en quatre \u00e9pisodes tr\u00e8s diff\u00e9rents, il fera bien malgr\u00e9 lui la lumi\u00e8re sur ce qui s&rsquo;est pass\u00e9 ce jour l\u00e0. Il avait en lui ce trou b\u00e9ant de la disparition de sa famille mais il ne voulait pas s&rsquo;y confronter. Il a \u00e9t\u00e9 aim\u00e9 par son oncle et sa tante mais ceux-ci n&rsquo;ont pas r\u00e9ussi \u00e0 entrouvrir sa carapace de d\u00e9fense, il faudra diff\u00e9rents \u00e9v\u00e9nements et des rencontres dues au hasard pour que, peu \u00e0 peu , Anton trouve la force de se confronter \u00e0 son pass\u00e9. Cela permet au lecteur de vivre diff\u00e9rents moments de la vie politique en Hollande. La lutte anti-communiste et une manifestation lui permettra de retrouver le fils de Ploeg qui est devenu un militant anti-communiste acharn\u00e9. Puis, nous voyons la mont\u00e9e de la sociale d\u00e9mocratie et la lib\u00e9ration du pire des nazis hollandais et enfin il d\u00e9couvrira pourquoi son voisin a d\u00e9plac\u00e9 le cadavre du milicien. Il y a un petit c\u00f4t\u00e9 enqu\u00eate polici\u00e8re mais ce n&rsquo;est pas le plus important, on est confront\u00e9 avec Anton aux m\u00e9andres de la m\u00e9moire et de la culpabilit\u00e9 des uns et des autres. Aux transformations des faits face \u00e0 l&rsquo;usure du temps. Et \u00e0 une compr\u00e9hension tr\u00e8s fine de la Hollande on ne peut pas dire que ce soit un peuple tr\u00e8s joyeux ni tr\u00e8s optimiste. Les personnalit\u00e9s semblent aussi r\u00e9serv\u00e9es que dignes, et on d\u00e9couvre que la collaboration fut aussi terrible qu&rsquo;en France. La fin du roman r\u00e9serve une surprise que je vous laisse d\u00e9couvrir.<\/p>\n<p>PS je viens de me rendre compte en remplissant mon Ab\u00e9c\u00e9daire des auteurs que j&rsquo;avais lu un autre roman de cet auteur que je n&rsquo;avais pas appr\u00e9ci\u00e9\u00a0&#160;: &#160;\u00bb <a href=\"http:\/\/luocine.fr\/?p=522\">La d\u00e9couverte du ciel<\/a>&#160;\u00bb<\/p>\n<div data-test-id=\"message-view-body\">\n<div class=\"msg-body P_wpofO iy_A\" data-test-id=\"message-view-body-content\">\n<div class=\"jb_0 X_6MGW N_6Fd5\">\n<div id=\"yiv7945632810\">\n<div class=\"yiv7945632810ydp30ca725fyahoo-style-wrap\">\n<div><\/div>\n<div class=\"yiv7945632810ydp30ca725fsignature\"><\/div>\n<\/div>\n<\/div>\n<\/div>\n<\/div>\n<\/div>\n<h1>Citations<\/h1>\n<h3>Discussion avec un p\u00e8re \u00e9rudit en 1945 \u00e0 Haarlem au pays bas.<\/h3>\n<blockquote>\n<div id=\"yiv0838215304yMail_cursorElementTracker_1549287872231\">&#8211;<em>Sais-tu ce qu&rsquo;\u00e9tait un symbolon&#160;?<\/em><\/div>\n<div id=\"yiv0838215304yMail_cursorElementTracker_1549287898196\"><em>&#8211; Non,dit Peter d&rsquo;un ton qui montrait qu&rsquo;il n&rsquo;\u00e9tait pas non plus d\u00e9sireux de le savoir.<\/em><\/div>\n<div id=\"yiv0838215304yMail_cursorElementTracker_1549287957926\"><em>-Eh bien, qu&rsquo;est ce que c&rsquo;est, papa&#160;? Demanda Anton.<\/em><\/div>\n<div id=\"yiv0838215304yMail_cursorElementTracker_1549288001565\"><em>&#8211; C&rsquo;\u00e9tait une pierre que l&rsquo;on brisait en deux. Suppose que je sois re\u00e7u chez quelqu&rsquo;un dans une autre ville et que je demande \u00e0 mon h\u00f4te de bien vouloir t&rsquo;accueillir \u00e0 ton tour&#160;: comment saura-t-il si tu es vraiment mon fils&#160;? Alors nous faisons un symbolon, il en garde la moiti\u00e9 et, rentr\u00e9 chez moi, je te donne ma\u00eetre. Quand tu te pr\u00e9sentera chez lui, les deux moiti\u00e9s s\u2019embo\u00eeteront.<\/em><\/div>\n<\/blockquote>\n<div><\/div>\n<div>\n<h3>Les monuments comm\u00e9moratifs<\/h3>\n<div id=\"yiv1680999892yMail_cursorElementTracker_1549306207095\"><\/div>\n<div id=\"yiv1680999892yMail_cursorElementTracker_1549306207296\">\n<blockquote>\n<div id=\"yiv1680999892yMail_cursorElementTracker_1549305838890\"><em>Peut-\u00eatre s&rsquo;\u00e9tait-on vivement affront\u00e9, au sein de la commission provinciale des monuments comm\u00e9moratifs, sur le point de savoir si leurs noms avaient bien leur place ici. Peut-\u00eatre certains fonctionnaires avaient-il observ\u00e9 qu&rsquo;ils ne faisaient pas partie des otages \u00e0 proprement parler et n&rsquo;avaient d&rsquo;ailleurs pas \u00e9t\u00e9 fusill\u00e9s, mais \u00ab&#160;achev\u00e9s comme des b\u00eates&#160;\u00bb&#160;; \u00e0 quoi les repr\u00e9sentants de la Commission nationale avaient r\u00e9pliqu\u00e9 en demandant si cela ne m\u00e9ritait pas tout autant un monument&#160;; enfin les fonctionnaires provinciaux avaient r\u00e9ussi \u00e0 obtenir \u00e0 titre de concession au moins le nom de Peter f\u00fbt \u00e9cart\u00e9. Ce dernier -avec beaucoup de bonne volont\u00e9 du moins -comptait parmi les h\u00e9ros de la r\u00e9sistance arm\u00e9e, qui avaient droit \u00e0 d&rsquo;autres monuments. Otages, r\u00e9sistants, Juifs, gitans, homosexuels, pas question de m\u00e9langer tous ces gens-l\u00e0, sinon c&rsquo;\u00e9tait la p\u00e9taudi\u00e8re&#160;!<\/em><\/div>\n<\/blockquote>\n<\/div>\n<\/div>\n<div><\/div>\n<div>\n<h3>Culpabilit\u00e9<\/h3>\n<div id=\"yiv0014836129yMail_cursorElementTracker_1549308297920\"><\/div>\n<blockquote>\n<div id=\"yiv0014836129yMail_cursorElementTracker_1549308298080\"><em>Tu peux dire que ta famille vivrait encore si nous n&rsquo;avions pas liquid\u00e9 Ploeg&#160;: c&rsquo;est vrai. C&rsquo;est la pure v\u00e9rit\u00e9, mais ce n&rsquo;est rien de plus. On peut dire aussi que ta famille vivrait encore si ton p\u00e8re avait lou\u00e9 autrefois une autre maison dans une autre rue, c&rsquo;est encore vrai. Dans ce cas je serai peut-\u00eatre ici avec quelqu&rsquo;un d&rsquo;autre. A moins que l&rsquo;attentat n&rsquo;ai eu lieu dans cette autre rue, car alors Ploeg aussi aurait pu habiter ailleurs. C&rsquo;est un genre de v\u00e9rit\u00e9 qui ne nous avance \u00e0 rien. La seule v\u00e9rit\u00e9 qui nous avance \u00e0 quelque chose, c&rsquo;est de dire, chacun a \u00e9t\u00e9 abattu par qui l&rsquo;a abattu, et par personne d&rsquo;autre. Ploeg par nous, ta famille par les Chleuhs. Tu as le droit d&rsquo;estimer que nous n&rsquo;aurions pas d\u00fb le faire, mais alors tu dois penser aussi qu&rsquo;il aurait mieux valu que l&rsquo;humanit\u00e9 n&rsquo;existe pas, \u00e9tant donn\u00e9 son histoire. Dans ce cas tout l&rsquo;amour, tout le bonheur et toute la beaut\u00e9 du monde ne serait m\u00eame pas compens\u00e9 la mort d&rsquo;un seul enfant.<\/em><\/div>\n<\/blockquote>\n<\/div>\n<div><\/div>\n<div>\n<h3>En Hollande en 1966<\/h3>\n<blockquote>\n<div id=\"yiv4908741807yMail_cursorElementTracker_1549366490864\"><em>Voil\u00e0 ce qui reste de la R\u00e9sistance, un homme mal soign\u00e9, malheureux, \u00e0 moiti\u00e9 ivre , qui se terre dans un sous-sol dont il ne sort peut-\u00eatre plus que pour enterrer ses amis, alors qu&rsquo;on remet en libert\u00e9 des criminels de guerre et que l&rsquo;histoire suit son cours sans plus s&rsquo;occuper de lui &#8230;<\/em><\/div>\n<\/blockquote>\n<\/div>\n<div><\/div>\n<div><\/div>\n<div>\n<h3>R\u00e9flexion sur le temps<\/h3>\n<blockquote>\n<div id=\"yiv7633813593yMail_cursorElementTracker_1549366661041\"><em>Il n&rsquo;y a rien dans l&rsquo;avenir, il est vide, la seconde qui vient peut-\u00eatre celle de ma mort -si bien que l&rsquo;homme qui regarde l&rsquo;avenir a le visage tourn\u00e9 vers le n\u00e9ant, alors que c&rsquo;est justement derri\u00e8re lui qu&rsquo;il y a quelque chose \u00e0 voir&#160;: le pass\u00e9 conserv\u00e9 par la m\u00e9moire.<\/em><\/div>\n<div id=\"yiv7633813593yMail_cursorElementTracker_1549366732570\"><em>Ainsi les Grecs disent-ils, quand il parle de l&rsquo;avenir&#160;: &#160;\u00bb Quelle vie avons-nous encore derri\u00e8re nous&#160;?&#160;\u00bb<\/em><\/div>\n<\/blockquote>\n<\/div>\n","protected":false},"excerpt":{"rendered":"<p>Traduit du N\u00e9erlandais par Philippe Noble &nbsp; Cette partie de petits chevaux ne sera jamais termin\u00e9e puisque ce soir de janvier en 1945, \u00e0 Haarlem en Hollande, la famille Steenwick entendra six coups de feu dans leur rue. La famille voit alors avec horreur que leurs voisins d\u00e9placent un cadavre au seuil de leur porte. <span class=\"ellipsis\">&hellip;<\/span> <span class=\"more-link-wrap\"><a href=\"https:\/\/luocine.fr\/?p=10349\" class=\"more-link\"><span>Read More &rarr;<\/span><\/a><\/span><\/p>\n","protected":false},"author":822092,"featured_media":0,"comment_status":"open","ping_status":"open","sticky":false,"template":"","format":"standard","meta":{"footnotes":""},"categories":[46,143,96,4,122,166,83,73,49,61],"tags":[],"class_list":["post-10349","post","type-post","status-publish","format-standard","hentry","category-5-coquillages","category-dictature-fasciste","category-guerre-3945","category-mes-preferences","category-mort","category-mort-et-deuil","category-nazisme","category-pays-bas","category-roman","category-roman-de-guerre"],"_links":{"self":[{"href":"https:\/\/luocine.fr\/index.php?rest_route=\/wp\/v2\/posts\/10349","targetHints":{"allow":["GET"]}}],"collection":[{"href":"https:\/\/luocine.fr\/index.php?rest_route=\/wp\/v2\/posts"}],"about":[{"href":"https:\/\/luocine.fr\/index.php?rest_route=\/wp\/v2\/types\/post"}],"author":[{"embeddable":true,"href":"https:\/\/luocine.fr\/index.php?rest_route=\/wp\/v2\/users\/822092"}],"replies":[{"embeddable":true,"href":"https:\/\/luocine.fr\/index.php?rest_route=%2Fwp%2Fv2%2Fcomments&post=10349"}],"version-history":[{"count":0,"href":"https:\/\/luocine.fr\/index.php?rest_route=\/wp\/v2\/posts\/10349\/revisions"}],"wp:attachment":[{"href":"https:\/\/luocine.fr\/index.php?rest_route=%2Fwp%2Fv2%2Fmedia&parent=10349"}],"wp:term":[{"taxonomy":"category","embeddable":true,"href":"https:\/\/luocine.fr\/index.php?rest_route=%2Fwp%2Fv2%2Fcategories&post=10349"},{"taxonomy":"post_tag","embeddable":true,"href":"https:\/\/luocine.fr\/index.php?rest_route=%2Fwp%2Fv2%2Ftags&post=10349"}],"curies":[{"name":"wp","href":"https:\/\/api.w.org\/{rel}","templated":true}]}}