{"id":10183,"date":"2019-01-21T10:01:19","date_gmt":"2019-01-21T09:01:19","guid":{"rendered":"http:\/\/luocine.fr\/?p=10183"},"modified":"2019-01-21T09:47:55","modified_gmt":"2019-01-21T08:47:55","slug":"le-monarque-des-ombres-javier-cercas","status":"publish","type":"post","link":"https:\/\/luocine.fr\/?p=10183","title":{"rendered":"Le monarque des ombres     &#8211; Javier CERCAS"},"content":{"rendered":"<p><a href=\"http:\/\/luocine.fr\/wp-content\/uploads\/2018\/12\/monarque.jpg\"><img loading=\"lazy\" decoding=\"async\" class=\"alignnone size-full wp-image-10184\" src=\"http:\/\/luocine.fr\/wp-content\/uploads\/2018\/12\/monarque.jpg\" alt=\"\" width=\"1080\" height=\"810\" srcset=\"https:\/\/luocine.fr\/wp-content\/uploads\/2018\/12\/monarque.jpg 1080w, https:\/\/luocine.fr\/wp-content\/uploads\/2018\/12\/monarque-300x225.jpg 300w, https:\/\/luocine.fr\/wp-content\/uploads\/2018\/12\/monarque-768x576.jpg 768w, https:\/\/luocine.fr\/wp-content\/uploads\/2018\/12\/monarque-1024x768.jpg 1024w\" sizes=\"auto, (max-width: 1080px) 100vw, 1080px\" \/><\/a><\/p>\n<p><em>Traduit de l\u2019espagnol par Aleksandar Grujicic avec la collaboration de Karine Louedon<\/em><\/p>\n<p><em>Lu dans le cadre du club de lecture de\u00a0<\/em><em><a href=\"http:\/\/www.lourse.fr\/\">la m\u00e9diath\u00e8que de Dinard<\/a><\/em><\/p>\n<p>&nbsp;<\/p>\n<p><a href=\"http:\/\/luocine.fr\/wp-content\/uploads\/2014\/10\/3.jpg\"><img loading=\"lazy\" decoding=\"async\" class=\"size-full wp-image-724 alignleft\" src=\"http:\/\/luocine.fr\/wp-content\/uploads\/2014\/10\/3.jpg\" alt=\"\" width=\"200\" height=\"58\" \/><\/a>Cet auteur a une fa\u00e7on de raconter un peu aga\u00e7ante, il \u00e9crit tous ses \u00e9tats d&rsquo;\u00e2me sur la difficult\u00e9 d&rsquo;\u00e9crire sur le sujet de son roman. J&rsquo;ai eu plus d&rsquo;une fois envie de lui dire&#160;: \u00ab&#160;fais- le ou ne le fais pas mais n&rsquo;encombre pas le lecteur avec tes \u00e9tats d&rsquo;\u00e2me du style&#160;\u00bb (oui je tutoies les auteurs quand ils m&rsquo;\u00e9nervent)&#160;:<\/p>\n<blockquote><p><em>Voil\u00e0 la d\u00e9cision que je pris&#160;: ne pas \u00e9crire l&rsquo;histoire de Manuel Mena, continuer \u00e0 ne pas \u00e9crire l&rsquo;histoire de Manuel Mena.<\/em><\/p><\/blockquote>\n<p>Quand on tient un roman de plus de 300 pages dans les mains consacr\u00e9 au dit Manuel Mena, ce genre de propos est pour le moins, peu int\u00e9ressant. En revanche, ce qui l&rsquo;est beaucoup plus, c&rsquo;est l&rsquo;analyse minutieuse des prises de positions des diff\u00e9rentes parties de la population d&rsquo;Ibahernando un petit village d&rsquo;Estr\u00e9madure en 1936. La population est tr\u00e8s pauvre, les terres appartiennent \u00e0 de riches nobles castillans qui habitent Madrid, mais quelques paysans ont r\u00e9ussi \u00e0 avoir un peu de terre, ils sont tout aussi pauvres mais leur pauvret\u00e9 leur appartient. Il seront tr\u00e8s choqu\u00e9s de voir des gens plus mis\u00e9rables br\u00fbler des r\u00e9coltes et des b\u00e2timents religieux, ils d\u00e9fendront le retour \u00e0 l&rsquo;ordre, personnifi\u00e9 par Franco. La famille de Javier Cercas faisait partie des \u00ab&#160;nantis&#160;\u00bb du village et son oncle, Manuel Mena, choisira \u00e0 19 ans de s&rsquo;engager dans les phalanges. Les raisons pour lesquelles il a fait ce choix sont peu \u00e9videntes, il \u00e9tait id\u00e9aliste et tr\u00e8s d\u00e9\u00e7u par la trop jeune et trop fragile r\u00e9publique, il voulait quelque chose de nouveau. Il est mort dans la bataille de l&rsquo;\u00c8rbre \u00e9pisode sanglant de la guerre d&rsquo;Espagne.<\/p>\n<p><a href=\"http:\/\/luocine.fr\/wp-content\/uploads\/2018\/12\/passo58c2d8026dd64.png\"><img loading=\"lazy\" decoding=\"async\" class=\"size-full wp-image-10185 aligncenter\" src=\"http:\/\/luocine.fr\/wp-content\/uploads\/2018\/12\/passo58c2d8026dd64.png\" alt=\"\" width=\"500\" height=\"228\" srcset=\"https:\/\/luocine.fr\/wp-content\/uploads\/2018\/12\/passo58c2d8026dd64.png 500w, https:\/\/luocine.fr\/wp-content\/uploads\/2018\/12\/passo58c2d8026dd64-300x137.png 300w\" sizes=\"auto, (max-width: 500px) 100vw, 500px\" \/><\/a><\/p>\n<p>De statut de h\u00e9ros tant que le franquisme dominait l&rsquo;Espagne, il est pass\u00e9 au statut de paria par la suite, et Javier Cercas est donc le neveu d&rsquo;un phalangiste convaincu. Convaincu&#160;? peut \u00eatre pas tant que \u00e7a mais qui peut \u00eatre certain d&rsquo;avoir les bons choix \u00e0 cette \u00e9poque et dans ce contexte pr\u00e9cis&#160;? Roman, difficile \u00e0 lire car tr\u00e8s pr\u00e9cis sur le d\u00e9roulement de la guerre elle-m\u00eame, je n&rsquo;ai pas trouv\u00e9 qu&rsquo;il remplissait la fonction que j&rsquo;attendais de lui&#160;: qu&rsquo;est ce qui fait que l&rsquo;on se trouve d&rsquo;un c\u00f4t\u00e9 ou de l&rsquo;autre lors d&rsquo;une guerre civile&#160;? En revanche, il rappelle bien l&rsquo;horreur que repr\u00e9sente la guerre civile.<\/p>\n<p>&nbsp;<\/p>\n<h1>Citations<\/h1>\n<h3>La m\u00e9moire de la guerre d&rsquo;Espagne<\/h3>\n<blockquote>\n<div id=\"yiv2359856372yMail_cursorElementTracker_1542803743556\">\u00a0<em>Quoi que tu \u00e9crives, les uns vont t&rsquo;accuser d&rsquo;id\u00e9aliser les r\u00e9publicains parce que tu ne d\u00e9nonces pas leurs crimes, et les autres d&rsquo;\u00eatre r\u00e9visionnistes ou de farder le franquisme parce que tu ne pr\u00e9sentes pas les franquistes comme des monstres mais comme des personnes ordinaires normales. C&rsquo;est comme \u00e7a, la v\u00e9rit\u00e9 n&rsquo;int\u00e9resse personne, t&rsquo;as pas encore pig\u00e9 \u00e7a&#160;? Il y a quelques ann\u00e9es, on avait l&rsquo;impression que \u00e7a int\u00e9ressait les gens, mais c&rsquo;\u00e9tait une illusion. Les gens n&rsquo;aiment pas la v\u00e9rit\u00e9&#160;: ils aiment les mensonges, et je ne te parle m\u00eame pas des intellectuels et des politiciens. Les uns s&rsquo;irritent d\u00e8s qu&rsquo;on met le sujet sur la table parce qu&rsquo;ils pensent encore que le coup d&rsquo;\u00c9tat de Franco \u00e9tait n\u00e9cessaire o\u00f9 en tout cas in\u00e9vitable, m\u00eame s&rsquo;ils n&rsquo;osent pas le dire, et les autres ont d\u00e9cid\u00e9 que refuser de consid\u00e9rer tous les r\u00e9publicains comme d\u00e9mocrate il comprit Durruti et la Pasionaria, et admettre que des putains de cur\u00e9s ont \u00e9t\u00e9 assassin\u00e9s des putains d&rsquo;\u00e9glises br\u00fbl\u00e9es, c&rsquo;est faire le jeu de la droite. Et je ne sais pas si tu as remarqu\u00e9, mais la guerre, c&rsquo;est pass\u00e9 de mode.<\/em><\/div>\n<\/blockquote>\n<div><\/div>\n<div>\n<h3 id=\"yiv7023795738yMail_cursorElementTracker_1542974250249\">Qu&rsquo;est ce que la phalange&#160;?<\/h3>\n<blockquote>\n<div id=\"yiv7023795738yMail_cursorElementTracker_1542974250405\"><em>La phalange \u00e9tait un parti qui, avec sa vocation antisyst\u00e8me, son prestige exaltant de nouveaut\u00e9s absolue, son irr\u00e9sistible aura de semi-clandestinit\u00e9, son refus de la distinction traditionnelle entre droite et gauche, sa proposition d&rsquo;une synth\u00e8se qui d\u00e9passerait les deux, sont impeccable chaos id\u00e9ologique, son pari simultan\u00e9 et impossible sur le nationalisme patriotique et la r\u00e9volution \u00e9galitaire et sa d\u00e9magogie captivante, semblait \u00eatre fait sur mesure pour s\u00e9duire un \u00e9tudiant fra\u00eechement sorti de son village qui a seize ans \u00e0 peine, r\u00eaverait \u00e0 l&rsquo;occasion de ce mouvement historique d\u00e9cisif dessiner un coup brutal et lib\u00e9rateur \u00e0 la peur et \u00e0 la pauvret\u00e9 qui tourmentait sa famille et \u00e0 la faim, l&rsquo;humiliation et l&rsquo;injustice qu&rsquo;il voyait quotidiennement dans les rues de son enfance et son adolescence, et cela sans compromettre l&rsquo;ordre social, lui permettant qui plus est de s&rsquo;identifier \u00e0 l&rsquo;\u00e9litisme aristocratique.<\/em><\/div>\n<\/blockquote>\n<div><\/div>\n<\/div>\n<h3>La guerre d Espagne.<\/h3>\n<div>\n<blockquote>\n<div id=\"yiv0740760962yMail_cursorElementTracker_1542975342215\"><em>\u00c0\u00a0l&rsquo;\u00e9poque, on tuait pour un oui ou pour un non, continue-t-il. Disputes. Jalousie. Parce qu&rsquo;un tel a dit quelque chose \u00e0 un tel point pour n&rsquo;importe quoi. La guerre a \u00e9t\u00e9 comme \u00e7a. Les gens disent maintenant que c&rsquo;\u00e9tait la politique, mais c&rsquo;\u00e9tait pas la politique. Pas seulement. Quelqu&rsquo;un disait qu&rsquo;on devait r\u00e9gler son compte \u00e0 quelqu&rsquo;un et on s&rsquo;en chargeait. Un point c&rsquo;est tout. C&rsquo;est comme je te dis et pas autrement. C&rsquo;est pourquoi il y a tant de gens qui sont partis du village au d\u00e9but de la guerre.<\/em><\/div>\n<\/blockquote>\n<\/div>\n<div><\/div>\n<div><\/div>\n<h3>Le c\u0153ur du livre<\/h3>\n<div>\n<blockquote>\n<div id=\"yiv2728969545yMail_cursorElementTracker_1542982083706\">&#8211; <em>D&rsquo;ailleurs, peut-on \u00eatre un jeune homme noble et pur et en m\u00eame temps lutter pour une mauvaise cause&#160;?<\/em><\/div>\n<div id=\"yiv2728969545yMail_cursorElementTracker_1542982201075\"><em>\u00a0David r\u00e9fl\u00e9chit un moment (&#8230;.) . C&rsquo;est possible, r\u00e9pondit-il. Et tu sais pourquoi&#160;?\u00a0<\/em><\/div>\n<div id=\"yiv2728969545yMail_cursorElementTracker_1542982275324\"><em>\u00a0&#8211; Pourquoi&#160;?<\/em><\/div>\n<div id=\"yiv2728969545yMail_cursorElementTracker_1542982284448\"><em>&#8211; Parce que nous ne sommes pas omniscients. Parce que nous ne savons pas tout. Quatre vingt cinq ans se sont \u00e9coul\u00e9s depuis la guerre, et toi et moi on a d\u00e9pass\u00e9 la quarantaine, alors pour nous c&rsquo;est du tout cuit, on sait que la cause pour laquelle Manuel Mena est mort n&rsquo;\u00e9tait pas juste. Mais est-ce qu&rsquo;il pouvait le savoir \u00e0 l&rsquo;\u00e9poque, lui, un gamin sans aucun recul et qui, en plus, \u00e9tait \u00e0 peine sorti de son village&#160;?<\/em><\/div>\n<\/blockquote>\n<\/div>\n<blockquote>\n<div><\/div>\n<\/blockquote>\n<h3>Raison de la guerre civile<\/h3>\n<div>\n<blockquote>\n<div id=\"yiv9387643276yMail_cursorElementTracker_1543131656972\"><em>C&rsquo;est une situation d&rsquo;extr\u00eame n\u00e9cessit\u00e9 qui fait s&rsquo;opposer ceux qui n&rsquo;ont rien \u00e0 manger et ceux qui ont de quoi manger&#160;; ces derniers ont tr\u00e8s peu, juste ce qu&rsquo;il faut, mais ils ont quelque chose. Et en effet, ici, \u00e7a commence \u00e0 prendre l&rsquo;allure d&rsquo;une trag\u00e9die, parce que ceux qui ont faim ont raison de ha\u00efr ceux qui peuvent manger et ceux qui peuvent manger en raison d&rsquo;avoir peur de ceux qui ont faim. Et c&rsquo;est comme \u00e7a qu&rsquo;ils arrivent tous \u00e0 une conclusion terrifiante&#160;: c&rsquo;est soit eux, soit nous. Si eux gagnent&#160;; ils nous tuent, si nous, on gagne, on doit les tuer. Voil\u00e0 la situation impossible \u00e0 laquelle les responsables du pays on conduit ces pauvres gens.<\/em><\/div>\n<\/blockquote>\n<\/div>\n<div><\/div>\n<h3>Explication du titre<\/h3>\n<div>\n<blockquote>\n<div id=\"yiv6492875870yMail_cursorElementTracker_1543235660465\"><em>J&rsquo;\u00e9tais d\u00e9j\u00e0 devenu un autre, une sorte d&rsquo;Ulysse vieux et m\u00e9diocre et heureux, qui, gr\u00e2ce \u00e0 cette exp\u00e9dition \u00e0 la recherche du monarque des ombres dans les t\u00e9n\u00e8bres de cette grande maison vide, venait de d\u00e9couvrir le secret le plus \u00e9l\u00e9mentaire et le plus cach\u00e9, le plus refoul\u00e9 et le plus visible, qui est qu&rsquo;on ne meurt pas, que Manuel Menna n&rsquo;\u00e9tait pas mort.<\/em><\/div>\n<\/blockquote>\n<\/div>\n<p>&nbsp;<\/p>\n","protected":false},"excerpt":{"rendered":"<p>Traduit de l\u2019espagnol par Aleksandar Grujicic avec la collaboration de Karine Louedon Lu dans le cadre du club de lecture de\u00a0la m\u00e9diath\u00e8que de Dinard &nbsp; Cet auteur a une fa\u00e7on de raconter un peu aga\u00e7ante, il \u00e9crit tous ses \u00e9tats d&rsquo;\u00e2me sur la difficult\u00e9 d&rsquo;\u00e9crire sur le sujet de son roman. J&rsquo;ai eu plus d&rsquo;une <span class=\"ellipsis\">&hellip;<\/span> <span class=\"more-link-wrap\"><a href=\"https:\/\/luocine.fr\/?p=10183\" class=\"more-link\"><span>Read More &rarr;<\/span><\/a><\/span><\/p>\n","protected":false},"author":822092,"featured_media":0,"comment_status":"open","ping_status":"open","sticky":false,"template":"","format":"standard","meta":{"footnotes":""},"categories":[44,64,8,148],"tags":[],"class_list":["post-10183","post","type-post","status-publish","format-standard","hentry","category-3-coquillages","category-espagne","category-essai","category-guerre-civile-espagnole"],"_links":{"self":[{"href":"https:\/\/luocine.fr\/index.php?rest_route=\/wp\/v2\/posts\/10183","targetHints":{"allow":["GET"]}}],"collection":[{"href":"https:\/\/luocine.fr\/index.php?rest_route=\/wp\/v2\/posts"}],"about":[{"href":"https:\/\/luocine.fr\/index.php?rest_route=\/wp\/v2\/types\/post"}],"author":[{"embeddable":true,"href":"https:\/\/luocine.fr\/index.php?rest_route=\/wp\/v2\/users\/822092"}],"replies":[{"embeddable":true,"href":"https:\/\/luocine.fr\/index.php?rest_route=%2Fwp%2Fv2%2Fcomments&post=10183"}],"version-history":[{"count":0,"href":"https:\/\/luocine.fr\/index.php?rest_route=\/wp\/v2\/posts\/10183\/revisions"}],"wp:attachment":[{"href":"https:\/\/luocine.fr\/index.php?rest_route=%2Fwp%2Fv2%2Fmedia&parent=10183"}],"wp:term":[{"taxonomy":"category","embeddable":true,"href":"https:\/\/luocine.fr\/index.php?rest_route=%2Fwp%2Fv2%2Fcategories&post=10183"},{"taxonomy":"post_tag","embeddable":true,"href":"https:\/\/luocine.fr\/index.php?rest_route=%2Fwp%2Fv2%2Ftags&post=10183"}],"curies":[{"name":"wp","href":"https:\/\/api.w.org\/{rel}","templated":true}]}}